{"id":73618,"date":"2023-03-02T07:35:06","date_gmt":"2023-03-02T07:35:06","guid":{"rendered":"https:\/\/haberulus.net\/?p=73618"},"modified":"2023-03-02T07:35:06","modified_gmt":"2023-03-02T07:35:06","slug":"hollanda-hukumetinden-ev-kiralarina-sinirlama","status":"publish","type":"post","link":"https:\/\/haberulus.net\/?p=73618","title":{"rendered":"Hollanda h\u00fck\u00fcmetinden ev kiralar\u0131na s\u0131n\u0131rlama"},"content":{"rendered":"<p>BBC\u2019nin haberine g\u00f6re; Hollanda h\u00fck\u00fcmeti y\u00fcksek fiyatlar nedeniyle konut bulmakta zorlanan orta gelir gruplar\u0131n\u0131 yasal koruma alt\u0131na alacak.<\/p>\n<p>Toplu Konut ve Mekansal Planlama Bakan\u0131 Hugo de Jonge \u00f6zel konutlarda, orta s\u0131n\u0131f\u0131n oturabilece\u011fi \u00f6zelliklere sahip konutlara en fazla 1.123 euro ile s\u0131n\u0131rlayan bir yasa tasar\u0131s\u0131 haz\u0131rlad\u0131.<\/p>\n<p>Yeni tasar\u0131ya g\u00f6re, sosyal konutlarda oldu\u011fu gibi serbest piyasadaki kiral\u0131k evler i\u00e7in de puanlama sistemi getirilecek.<\/p>\n<p>Binan\u0131n ya\u015f\u0131, oda ve banyo say\u0131s\u0131, b\u00fcy\u00fckl\u00fc\u011f\u00fc gibi b\u00fct\u00fcn \u00f6zelliklerine puan verilecek.<\/p>\n<p>187 puana kadar olan ve orta s\u0131n\u0131f bir ailenin ihtiyac\u0131na g\u00f6re d\u00fczenlenmi\u015f evlere fiyat s\u0131n\u0131rlamas\u0131 uygulanacak.<\/p>\n<p>Yasal d\u00fczenlemenin y\u00fcr\u00fcrl\u00fc\u011fe girmesinden itibaren, bu \u00f6zellikleri ta\u015f\u0131yan evlerin sahipleri 1.123 eurodan fazla kira bedeli isteyemeyecek. 187 puan\u0131n \u00fczerindeki l\u00fcks konutlar i\u00e7in ise b\u00f6yle bir k\u0131s\u0131tlama olmayacak.<\/p>\n<p>D\u00fczenleme yeni kira s\u00f6zle\u015fmeleri i\u00e7in konut piyasas\u0131ndaki s\u0131k\u0131nt\u0131 devam etti\u011fi s\u00fcrece ge\u00e7erli olacak. H\u00fck\u00fcmet, 5 y\u0131l sonra d\u00fczenlemeyi yeniden g\u00f6zden ge\u00e7irecek.<\/p>\n<p>Yeni d\u00fczenleme ile kira art\u0131\u015f\u0131, ortalama toplu i\u015f s\u00f6zle\u015fmesiyle belirlenen maa\u015f art\u0131\u015f oran\u0131n\u0131n y\u00fczde 0,5\u2019inden fazla olmayacak. \u00d6rne\u011fin bir kirac\u0131n\u0131n maa\u015f\u0131 y\u00fczde 5 artm\u0131\u015fsa kiras\u0131 en fazla y\u00fczde 5,5 artabilecek.<\/p>\n<p>Hollanda&#8217;da kira art\u0131\u015f oran\u0131 uzun s\u00fcredir enflasyona endeksliydi. Ancak corona vir\u00fcs\u00fc salg\u0131n\u0131 ve Ukrayna sava\u015f\u0131 nedeniyle ge\u00e7en y\u0131l enflasyonun y\u00fczde 10 civar\u0131nda ger\u00e7ekle\u015fmesi ve maa\u015f zamm\u0131ndan y\u00fcksek olmas\u0131 \u00fczerine bu sistemden vazge\u00e7iliyor.<\/p>\n<p><b>DENETLEME VE PARA CEZASI<\/b><\/p>\n<p>Ev sahiplerinin, kira s\u0131n\u0131rlamas\u0131 d\u00fczenlemesine uyup uymad\u0131\u011f\u0131 belediyeler taraf\u0131ndan denetlenecek. D\u00fczenlemeye ra\u011fmen fahi\u015f kira bedellerinde \u0131srar eden ev sahiplerine a\u011f\u0131r para cezas\u0131 uygulanacak.<\/p>\n<p>Hollanda h\u00fck\u00fcmeti, yar\u0131 resmi kooperatiflere ait olan sosyal konutlarda kira fiyatlar\u0131n\u0131 800 Euro ile s\u0131n\u0131rlam\u0131\u015ft\u0131.<\/p>\n<p>H\u00fck\u00fcmetin ald\u0131\u011f\u0131 \u00f6nlemler \u00e7er\u00e7evesinde \u00f6n\u00fcm\u00fczdeki s\u00fcre\u00e7te Hollanda&#8217;daki kiral\u0131k evlerin y\u00fczde 90\u2019\u0131 fiyat s\u0131n\u0131rlamas\u0131 kurallar\u0131na ba\u011fl\u0131 olacak.<\/p>\n<p>Bakan Hugo de Jonge, \u201cBir\u00e7ok kirac\u0131, ger\u00e7ekten de\u011fmeyen bir ev i\u00e7in y\u00fcksek fiyat \u00f6d\u00fcyor. Kirac\u0131lar\u0131n genellikle ba\u015fka se\u00e7ene\u011fi yok. Orta gelirli insanlar i\u00e7in giderek daha fazla ev eri\u015filemez hale geldi\u201d dedi.<\/p>\n","protected":false},"excerpt":{"rendered":"<p>Hollanda h\u00fck\u00fcmeti artan konut kiralar\u0131na kar\u015f\u0131 kirac\u0131lar\u0131 korumak i\u00e7in fiyat s\u0131n\u0131rlamas\u0131 getirmeyi planl\u0131yor.<\/p>\n","protected":false},"author":1,"featured_media":73619,"comment_status":"closed","ping_status":"open","sticky":false,"template":"","format":"standard","meta":{"footnotes":""},"categories":[24],"tags":[52,75,311,1120,770],"class_list":["post-73618","post","type-post","status-publish","format-standard","has-post-thumbnail","hentry","category-dunya","tag-duzenleme","tag-fiyat","tag-kira","tag-konut","tag-orta"],"_links":{"self":[{"href":"https:\/\/haberulus.net\/index.php?rest_route=\/wp\/v2\/posts\/73618","targetHints":{"allow":["GET"]}}],"collection":[{"href":"https:\/\/haberulus.net\/index.php?rest_route=\/wp\/v2\/posts"}],"about":[{"href":"https:\/\/haberulus.net\/index.php?rest_route=\/wp\/v2\/types\/post"}],"author":[{"embeddable":true,"href":"https:\/\/haberulus.net\/index.php?rest_route=\/wp\/v2\/users\/1"}],"replies":[{"embeddable":true,"href":"https:\/\/haberulus.net\/index.php?rest_route=%2Fwp%2Fv2%2Fcomments&post=73618"}],"version-history":[{"count":1,"href":"https:\/\/haberulus.net\/index.php?rest_route=\/wp\/v2\/posts\/73618\/revisions"}],"predecessor-version":[{"id":73620,"href":"https:\/\/haberulus.net\/index.php?rest_route=\/wp\/v2\/posts\/73618\/revisions\/73620"}],"wp:featuredmedia":[{"embeddable":true,"href":"https:\/\/haberulus.net\/index.php?rest_route=\/wp\/v2\/media\/73619"}],"wp:attachment":[{"href":"https:\/\/haberulus.net\/index.php?rest_route=%2Fwp%2Fv2%2Fmedia&parent=73618"}],"wp:term":[{"taxonomy":"category","embeddable":true,"href":"https:\/\/haberulus.net\/index.php?rest_route=%2Fwp%2Fv2%2Fcategories&post=73618"},{"taxonomy":"post_tag","embeddable":true,"href":"https:\/\/haberulus.net\/index.php?rest_route=%2Fwp%2Fv2%2Ftags&post=73618"}],"curies":[{"name":"wp","href":"https:\/\/api.w.org\/{rel}","templated":true}]}}