{"id":73750,"date":"2023-03-02T09:37:09","date_gmt":"2023-03-02T09:37:09","guid":{"rendered":"https:\/\/haberulus.net\/?p=73750"},"modified":"2023-03-02T09:37:09","modified_gmt":"2023-03-02T09:37:09","slug":"35-aylik-aslanlar-ilk-defa-topraga-cikti","status":"publish","type":"post","link":"https:\/\/haberulus.net\/?p=73750","title":{"rendered":"3,5 ayl\u0131k aslanlar ilk defa topra\u011fa \u00e7\u0131kt\u0131"},"content":{"rendered":"<p>Bursa Hayvanat Bah\u00e7esi\u2019ndeki 3,5 ayl\u0131k 2 aslan, ilk kez kendilerine ait alana \u00e7\u0131kar\u0131ld\u0131. Toprakla bulu\u015fan yavru aslanlar\u0131n oyun anlar\u0131 ise kameraya yans\u0131d\u0131.<\/p>\n<p><img decoding=\"async\" src=\"https:\/\/i01.sozcucdn.com\/wp-content\/uploads\/2023\/03\/02\/aslan1.1_22480326.jpg\" alt=\"\" title=\"\"><\/p>\n<p>Yavru aslanlar\u0131n, 1 ayl\u0131k oryantasyon s\u00fcrecinin ard\u0131ndan hayvanat bah\u00e7esindeki di\u011fer 4 yavru aslan ile ayn\u0131 ortama sal\u0131naca\u011f\u0131n\u0131 belirten ba\u015f bak\u0131c\u0131 \u00d6nder Sevim, \u201cYavrular\u0131m\u0131z 3,5 ayl\u0131k oldu. Bug\u00fcn ilk defa alana \u00e7\u0131karak, toprakla tan\u0131\u015ft\u0131lar. Rezerve alan\u0131m\u0131za sald\u0131k. Bug\u00fcn bunlar\u0131 buraya al\u0131\u015ft\u0131r\u0131p, i\u00e7erideki di\u011fer 4 yavrumuz ile birbirlerine ba\u011f kurmalar\u0131n\u0131 sa\u011flayaca\u011f\u0131z. Birbirlerine al\u0131\u015ft\u0131ktan sonra b\u00fcy\u00fck alan\u0131m\u0131zda hepsini birle\u015ftirip, ziyaret\u00e7ilerimize g\u00f6stermeye ba\u015flayaca\u011f\u0131z. \u0130\u00e7eride 2 di\u015fi, 2 erkek olmak \u00fczere 1,5 ile 2 ya\u015f aras\u0131nda 4 yavrumuz daha var. Yakla\u015f\u0131k 1 ayl\u0131k oryantasyonun ard\u0131ndan birbirlerine al\u0131\u015facaklar\u0131n\u0131 d\u00fc\u015f\u00fcn\u00fcyoruz\u201d dedi.<\/p>\n<p><img decoding=\"async\" src=\"https:\/\/i01.sozcucdn.com\/wp-content\/uploads\/2023\/03\/02\/aslan3.1_22480325.jpg\" alt=\"\" title=\"\"><\/p>\n<p><strong>\u201c\u015eU AN \u00c7OK \u015eA\u015eKINLAR\u201d<\/strong><\/p>\n<p>Yavru aslanlar\u0131n ilk defa d\u0131\u015far\u0131 \u00e7\u0131kt\u0131klar\u0131 i\u00e7in \u015fa\u015fk\u0131n oldu\u011funu ve etraf\u0131 ke\u015ffetmeye ba\u015flad\u0131\u011f\u0131n\u0131 belirten Sevim, \u015f\u00f6yle konu\u015ftu:<\/p>\n<p>\u201cD\u0131\u015f alana ilk defa \u00e7\u0131kt\u0131lar. \u015eu anda \u00e7ok \u015fa\u015fk\u0131nlar. Topra\u011fa \u00e7\u0131kt\u0131klar\u0131 i\u00e7in mutlular, z\u0131pl\u0131yorlar, oynuyorlar. Hem \u015fa\u015fk\u0131nl\u0131k hem ufak bir tedirginlik. Onlar i\u00e7in de ho\u015f bir \u015fey oldu. Yavrular\u0131m\u0131z\u0131 beyaz ve k\u0131rm\u0131z\u0131 et ile besliyoruz ama k\u0131rm\u0131z\u0131 eti daha fazla kullan\u0131yoruz. Anne s\u00fct\u00fcyle de besleniyorlar. Bunlar 3\u2019\u00fcnc\u00fc versiyon yavrular\u0131m\u0131z. Daha \u00f6nce de arka arkaya 2 sefer yavru ald\u0131k. Tabii insan\u0131n biraz da eme\u011finin kar\u015f\u0131l\u0131\u011f\u0131n\u0131 yavru olarak almas\u0131 g\u00fczel oluyor, bize mutluluk veriyor. Bu eme\u011fi de halk\u0131m\u0131za ta\u015f\u0131maya \u00e7al\u0131\u015f\u0131yoruz. Yavrular da her zaman dikkat \u00e7ekiyor. B\u00fct\u00fcn halk\u0131m\u0131z\u0131 bah\u00e7emize bekliyoruz.\u201d (DHA)<\/p>\n","protected":false},"excerpt":{"rendered":"<p>Bursa Hayvanat Bah\u00e7esi&#8217;nde bak\u0131lan 3,5 ayl\u0131k 2 aslan, ilk kez d\u0131\u015f alana \u00e7\u0131kar\u0131ld\u0131. Yavru aslanlar, 1 ayl\u0131k oryantasyon s\u00fcrecinin ard\u0131ndan 4 yavru aslan ile ayn\u0131 ortama b\u0131rak\u0131lacak.<\/p>\n","protected":false},"author":1,"featured_media":73751,"comment_status":"closed","ping_status":"open","sticky":false,"template":"","format":"standard","meta":{"footnotes":""},"categories":[33],"tags":[4906,1419],"class_list":["post-73750","post","type-post","status-publish","format-standard","has-post-thumbnail","hentry","category-yasam","tag-aslan","tag-yavru"],"_links":{"self":[{"href":"https:\/\/haberulus.net\/index.php?rest_route=\/wp\/v2\/posts\/73750","targetHints":{"allow":["GET"]}}],"collection":[{"href":"https:\/\/haberulus.net\/index.php?rest_route=\/wp\/v2\/posts"}],"about":[{"href":"https:\/\/haberulus.net\/index.php?rest_route=\/wp\/v2\/types\/post"}],"author":[{"embeddable":true,"href":"https:\/\/haberulus.net\/index.php?rest_route=\/wp\/v2\/users\/1"}],"replies":[{"embeddable":true,"href":"https:\/\/haberulus.net\/index.php?rest_route=%2Fwp%2Fv2%2Fcomments&post=73750"}],"version-history":[{"count":1,"href":"https:\/\/haberulus.net\/index.php?rest_route=\/wp\/v2\/posts\/73750\/revisions"}],"predecessor-version":[{"id":73752,"href":"https:\/\/haberulus.net\/index.php?rest_route=\/wp\/v2\/posts\/73750\/revisions\/73752"}],"wp:featuredmedia":[{"embeddable":true,"href":"https:\/\/haberulus.net\/index.php?rest_route=\/wp\/v2\/media\/73751"}],"wp:attachment":[{"href":"https:\/\/haberulus.net\/index.php?rest_route=%2Fwp%2Fv2%2Fmedia&parent=73750"}],"wp:term":[{"taxonomy":"category","embeddable":true,"href":"https:\/\/haberulus.net\/index.php?rest_route=%2Fwp%2Fv2%2Fcategories&post=73750"},{"taxonomy":"post_tag","embeddable":true,"href":"https:\/\/haberulus.net\/index.php?rest_route=%2Fwp%2Fv2%2Ftags&post=73750"}],"curies":[{"name":"wp","href":"https:\/\/api.w.org\/{rel}","templated":true}]}}