{"id":7376,"date":"2022-07-14T02:51:04","date_gmt":"2022-07-14T02:51:04","guid":{"rendered":"https:\/\/haberulus.net\/?p=7376"},"modified":"2022-07-14T02:51:04","modified_gmt":"2022-07-14T02:51:04","slug":"saglikta-siddeti-onleyecek-66-oneri-kagit-ustunde-kaldi","status":"publish","type":"post","link":"https:\/\/haberulus.net\/?p=7376","title":{"rendered":"Sa\u011fl\u0131kta \u015fiddeti \u00f6nleyecek 66 \u00f6neri ka\u011f\u0131t \u00fcst\u00fcnde kald\u0131"},"content":{"rendered":"<p><b>17 vekilin 9 y\u0131l \u00f6nce 7 ay s\u00fcren ara\u015ft\u0131rmas\u0131n\u0131n raporu \u00e7\u0131kt\u0131. Meclis Ara\u015ft\u0131rma Komisyonu\u2019nun \u00f6nerileri hayata ge\u00e7irilseydi \u015fiddet bitecek ve hekim g\u00f6\u00e7\u00fc olmayacakt\u0131.<\/b><\/p>\n<p>TBMM&#8217;de tam 9 y\u0131l \u00f6nce t\u00fcm partilerin oy birli\u011fi ile\u00a0 \u201cSa\u011fl\u0131kta \u015eiddetin \u00d6nlenmesi&#8221; konusunda Meclis Ara\u015ft\u0131rmas\u0131 yap\u0131ld\u0131. 10&#8217;u AKP&#8217;li 17 milletvekilinden olu\u015fan komisyon rapor haz\u0131rlad\u0131. AKP ve Sa\u011fl\u0131k Bakanl\u0131\u011f\u0131 ise raporda s\u0131ralanan \u00f6nerileri hayata ge\u00e7irmedi. \u201cSiyaset\u00e7iler, sa\u011fl\u0131k \u00e7al\u0131\u015fanlar\u0131n\u0131n verdi\u011fi hizmetin vazge\u00e7ilmezli\u011fini vurgulayan s\u00f6ylemler geli\u015ftirmeli, sa\u011fl\u0131k \u00e7al\u0131\u015fanlar\u0131yla ilgili s\u00f6zlerini dikkatle se\u00e7melidir&#8221; \u00f6nerisinin tersine, Cumhurba\u015fkan\u0131 Erdo\u011fan, \u201cGiderlerse gitsinler&#8221; dedi. Konya&#8217;da kardiyoloji uzman\u0131 Ekrem Karakaya cinayetinin ard\u0131ndan eylem yapan doktorlar da, iktidar s\u00f6zc\u00fcleri taraf\u0131ndan hedef tahtas\u0131na oturtuldu.<\/p>\n<p><strong>RAPOR MECL\u0130S&#8217;TE<\/strong><\/p>\n<p>TBMM&#8217;de 19 Haziran 2012&#8217;de b\u00fct\u00fcn partilerin oy birli\u011fi ile Sa\u011fl\u0131k \u00e7al\u0131\u015fanlar\u0131na \u015fiddet konusunda Meclis ara\u015ft\u0131rma \u00f6nergesi kabul edildi. 17 ki\u015filik komisyon kuruldu, 10 AKP, 4 CHP 2 MHP 1 HDP Milletvekili yer ald\u0131. Komisyon ba\u015fkanl\u0131\u011f\u0131na AKP Adana Milletvekili ve halen Ankara \u00dcniversitesi Rekt\u00f6r\u00fc olan Necdet \u00dcn\u00fcvar se\u00e7ildi. Komisyon 7 ay \u00e7al\u0131\u015ft\u0131 14 Ocak 2013&#8217;de 292 sayfal\u0131k rapor haz\u0131rlay\u0131p TBMM&#8217;ye verdi, rapor Meclis Genel Kurulu&#8217;nda g\u00f6r\u00fc\u015f\u00fcld\u00fc. Ancak rapordaki 66 \u00f6neri yerine getirilmedi.<\/p>\n<p><strong>S\u0130STEM \u00c7\u00d6KT\u00dc<\/strong><\/p>\n<p>Komisyon \u00fcyesi CHP Tekirda\u011f milletvekili Candan Y\u00fcceer, S\u00d6ZC\u00dc&#8217;ye yapt\u0131\u011f\u0131 de\u011ferlendirmede, \u201c\u00d6nerilerin hi\u00e7 biri yerine getirilmedi\u011fi gibi \u2018Sorun var&#8217; diyen sa\u011fl\u0131k emek\u00e7isi \u00f6tekile\u015ftirildi. Sistem \u00e7\u00f6km\u00fc\u015f durumda. Sa\u011fl\u0131k hizmetlerine ula\u015f\u0131m s\u00fcreci aylar\u0131, y\u0131llar\u0131 buluyor. Bu da gerilimi artt\u0131r\u0131yor. \u00c7\u00f6z\u00fcm \u00fcretmek yerine \u2018Ben yapt\u0131m oldu&#8217; mant\u0131\u011f\u0131 i\u015fliyor. Ama sa\u011fl\u0131k bunu kald\u0131rm\u0131yor, infiale, kaosa sebep oluyor. \u0130ktidar\u0131n d\u00fczeltmek gibi bir samimiyeti yok. Sistem alarm veriyor\u201d dedi.<\/p>\n<div><img decoding=\"async\" src=\"https:\/\/i01.sozcucdn.com\/wp-content\/uploads\/2022\/07\/14\/5-candan-yuceer.jpg\" alt=\"\" title=\"\"><\/p>\n<p>Candan Y\u00fcceer<\/p>\n<\/div>\n<p><b><span>\u0130\u015eTE D\u0130KKAT \u00c7EKEN 14 \u00d6NER\u0130: \u015eiddeti \u00f6nlemek hedeflenmi\u015f<\/span><\/b><\/p>\n<p>1 \u2013 Sa\u011fl\u0131k \u00e7al\u0131\u015fan\u0131na psikolojik veya fiziksel \u015fiddet uygulanmas\u0131n\u0131n \u00f6nlenmesi i\u00e7in gereken her t\u00fcrl\u00fc hukuki ve idari tedbir eksiksiz olarak al\u0131nmal\u0131d\u0131r.<\/p>\n<p>2 \u2013 T\u00fcm toplumun, sa\u011fl\u0131k \u00e7al\u0131\u015fanlar\u0131na y\u00f6nelik \u015fiddet kar\u015f\u0131s\u0131nda, s\u00f6z ve eylem birli\u011fi i\u00e7inde olmas\u0131 gereklidir.<\/p>\n<p>3 \u2013 Kamu\/\u00f6zel sekt\u00f6r ayr\u0131m\u0131 yap\u0131lmaks\u0131z\u0131n t\u00fcm sa\u011fl\u0131k kurumlar\u0131nda standart bir \u015fiddet y\u00f6netimi politikas\u0131 olu\u015fturulup, uygulanmal\u0131d\u0131r.<\/p>\n<p>4 \u2013 \u015eiddet ile kar\u015f\u0131la\u015fan sa\u011fl\u0131k \u00e7al\u0131\u015fan\u0131na hukuki, t\u0131bbi ve sosyal destek sa\u011flanmal\u0131d\u0131r.<\/p>\n<p>5 \u2013 Sa\u011fl\u0131k kurumlar\u0131nda risk de\u011ferlendirmesi yap\u0131larak, \u015fiddet riskinin fazla oldu\u011fu alanlarda g\u00fcvenlik \u00f6nlemleri art\u0131r\u0131lmal\u0131d\u0131r.<\/p>\n<p>6 \u2013 Sa\u011fl\u0131k personelinin dengesiz da\u011f\u0131l\u0131m\u0131 ve say\u0131sal yetersizli\u011fi giderilmeli, hastalara ayr\u0131lan s\u00fcre art\u0131r\u0131lmal\u0131d\u0131r.<\/p>\n<p>7 \u2013 Sa\u011fl\u0131k \u00e7al\u0131\u015fanlar\u0131n\u0131n mesai ve n\u00f6bet saatleri yeniden d\u00fczenlenmeli, uzun \u00e7al\u0131\u015fma s\u00fcrelerinden vazge\u00e7ilmelidir.<\/p>\n<p>8 \u2013 Performans uygulamas\u0131n\u0131n \u00e7al\u0131\u015fma bar\u0131\u015f\u0131n\u0131 ve ekip anlay\u0131\u015f\u0131n\u0131 bozdu\u011fu y\u00f6n\u00fcndeki ele\u015ftiriler dikkate al\u0131nmal\u0131 ve performans sistemi bu y\u00f6n\u00fcyle yeniden g\u00f6zden ge\u00e7irilmelidir.<\/p>\n<p>9 \u2013 Sa\u011fl\u0131kta D\u00f6n\u00fc\u015f\u00fcm Program\u0131&#8217;n\u0131n sa\u011fl\u0131k hizmetlerinin i\u015fleyi\u015fine yans\u0131yan b\u00f6l\u00fcmleri halka tam olarak anlat\u0131lmal\u0131, \u015fiddetin nedenleri aras\u0131nda say\u0131lan hastalar\u0131n ve toplumun beklenti d\u00fczeyini y\u00fckseltecek yanl\u0131\u015f bilgilendirmeler yap\u0131lmamal\u0131d\u0131r.<\/p>\n<p>10 \u2013 Yetkililer sa\u011fl\u0131k \u00e7al\u0131\u015fanlar\u0131yla ilgili s\u00f6ylemlerini dikkatle se\u00e7melidir.<\/p>\n<p>11- Acil servislerde ve acil hizmet sunumunda bu alanda uzmanla\u015fm\u0131\u015f personelin g\u00f6rev almas\u0131na ve bu alanlarda deneyime \u00f6nem verilmesine dikkat edilmelidir.<\/p>\n<p>12 \u2013 T\u00fcm sa\u011fl\u0131k birimlerinde \u015fiddet konusunda uyar\u0131c\u0131 bilgiler i\u00e7eren panolar bulundurulmal\u0131d\u0131r.<\/p>\n<p>13 \u2013 Sa\u011fl\u0131k kurum ve kurulu\u015flar\u0131nda \u201cHasta Haklar\u0131 Birimleri\u201d ve \u201c\u00c7al\u0131\u015fan Sa\u011fl\u0131\u011f\u0131 ve G\u00fcvenli\u011fi Kurullar\u0131\u201dn\u0131n birlikte yer alaca\u011f\u0131 Sa\u011fl\u0131k \u0130leti\u015fim Merkezleri (S\u0130M) kurulmal\u0131d\u0131r. S\u0130M&#8217;ler hem hasta ve yak\u0131nlar\u0131na hem de sa\u011fl\u0131k \u00e7al\u0131\u015fanlar\u0131na hizmet vermelidir.<\/p>\n<p>14 \u2013 Sa\u011fl\u0131k \u00e7al\u0131\u015fan\u0131n\u0131n tehdit alt\u0131nda oldu\u011fu durumlarda; sa\u011fl\u0131k \u00e7al\u0131\u015fan\u0131 ve ailesinin korunmas\u0131na y\u00f6nelik d\u00fczenlemeler getirilmelidir.<\/p>\n","protected":false},"excerpt":{"rendered":"<p>17 vekilin 9 y\u0131l \u00f6nce 7 ay s\u00fcren ara\u015ft\u0131rmas\u0131n\u0131n raporu \u00e7\u0131kt\u0131. Meclis Ara\u015ft\u0131rma Komisyonu\u2019nun \u00f6nerileri hayata ge\u00e7irilseydi \u015fiddet bitecek ve &#8230;<\/p>\n","protected":false},"author":1,"featured_media":7377,"comment_status":"open","ping_status":"open","sticky":false,"template":"","format":"standard","meta":{"footnotes":""},"categories":[26],"tags":[1515,2362,1207,177,1241],"class_list":["post-7376","post","type-post","status-publish","format-standard","has-post-thumbnail","hentry","category-gundem","tag-komisyon","tag-oneri","tag-rapor","tag-saglik","tag-siddet"],"_links":{"self":[{"href":"https:\/\/haberulus.net\/index.php?rest_route=\/wp\/v2\/posts\/7376","targetHints":{"allow":["GET"]}}],"collection":[{"href":"https:\/\/haberulus.net\/index.php?rest_route=\/wp\/v2\/posts"}],"about":[{"href":"https:\/\/haberulus.net\/index.php?rest_route=\/wp\/v2\/types\/post"}],"author":[{"embeddable":true,"href":"https:\/\/haberulus.net\/index.php?rest_route=\/wp\/v2\/users\/1"}],"replies":[{"embeddable":true,"href":"https:\/\/haberulus.net\/index.php?rest_route=%2Fwp%2Fv2%2Fcomments&post=7376"}],"version-history":[{"count":1,"href":"https:\/\/haberulus.net\/index.php?rest_route=\/wp\/v2\/posts\/7376\/revisions"}],"predecessor-version":[{"id":7378,"href":"https:\/\/haberulus.net\/index.php?rest_route=\/wp\/v2\/posts\/7376\/revisions\/7378"}],"wp:featuredmedia":[{"embeddable":true,"href":"https:\/\/haberulus.net\/index.php?rest_route=\/wp\/v2\/media\/7377"}],"wp:attachment":[{"href":"https:\/\/haberulus.net\/index.php?rest_route=%2Fwp%2Fv2%2Fmedia&parent=7376"}],"wp:term":[{"taxonomy":"category","embeddable":true,"href":"https:\/\/haberulus.net\/index.php?rest_route=%2Fwp%2Fv2%2Fcategories&post=7376"},{"taxonomy":"post_tag","embeddable":true,"href":"https:\/\/haberulus.net\/index.php?rest_route=%2Fwp%2Fv2%2Ftags&post=7376"}],"curies":[{"name":"wp","href":"https:\/\/api.w.org\/{rel}","templated":true}]}}