{"id":73777,"date":"2023-03-02T10:07:05","date_gmt":"2023-03-02T10:07:05","guid":{"rendered":"https:\/\/haberulus.net\/?p=73777"},"modified":"2023-03-02T10:07:05","modified_gmt":"2023-03-02T10:07:05","slug":"hatayda-depremde-yikilan-apartmanin-fen-isleri-sorumlusu-yakalandi","status":"publish","type":"post","link":"https:\/\/haberulus.net\/?p=73777","title":{"rendered":"Hatay\u2019da depremde y\u0131k\u0131lan apartman\u0131n fen i\u015fleri sorumlusu yakaland\u0131"},"content":{"rendered":"<p>Kahramanmara\u015f merkezli depremlerin ard\u0131ndan, afetten etkilenen illerin Cumhuriyet ba\u015fsavc\u0131l\u0131klar\u0131 y\u0131k\u0131lan binalarla ilgili soru\u015fturma ba\u015flatt\u0131.<\/p>\n<p>Bu kapsamda Hatay&#8217;\u0131n Belen il\u00e7esinde y\u0131k\u0131lan ve 20 ki\u015finin \u00f6ld\u00fc\u011f\u00fc Kartopu Apartman\u0131 sorumlular\u0131 hakk\u0131nda da yakalama karar\u0131 \u00e7\u0131kar\u0131ld\u0131.<\/p>\n<p>Apartman\u0131n fen i\u015fleri sorumlusu Murat G\u00f6ksel Dalk\u0131l\u0131\u00e7, hakk\u0131nda yakalama karar\u0131 \u00e7\u0131kmadan \u00f6nce Tacikistan&#8217;a ka\u00e7t\u0131. Dalk\u0131l\u0131\u00e7&#8217;\u0131n pasaportundaki hareketlili\u011fi fark eden polis, \u015f\u00fcphelinin Tacikistan&#8217;a gitti\u011fini belirledi.<\/p>\n<p>Bunun \u00fczerine savc\u0131l\u0131k taraf\u0131ndan Dalk\u0131l\u0131\u00e7 hakk\u0131nda yakalama karar\u0131 \u00e7\u0131kar\u0131ld\u0131. Bunun \u00fczerine polis, Tacikistan emniyet te\u015fkilat\u0131 ile g\u00f6r\u00fc\u015ferek \u015f\u00fcphelinin u\u00e7aktan inmesine izin verilmemesini istedi.<\/p>\n<p>\u015e\u00fcpheli Tacikistan polisi taraf\u0131ndan u\u00e7aktan indirilmedi ve ayn\u0131 u\u00e7akla \u0130stanbul&#8217;a geri g\u00f6nderildi.<\/p>\n<p>Dalk\u0131l\u0131\u00e7, \u0130stanbul Havaliman\u0131nda polis ekiplerince yakalanarak g\u00f6zalt\u0131na al\u0131nd\u0131. Dalk\u0131l\u0131\u00e7 emniyetteki i\u015flemlerinin ard\u0131ndan adliyeye sevk edildi\u011fi adliyede tutuklanarak cezaevine g\u00f6nderildi. (DHA)<\/p>\n","protected":false},"excerpt":{"rendered":"<p>Hatay&#8217;da depremde y\u0131k\u0131lan Kartopu Apartman\u0131&#8217;n\u0131n fen i\u015fleri sorumlusu Murat G\u00f6ksel Dalk\u0131l\u0131\u00e7, Tacikistan&#8217;a ka\u00e7mak isterken \u0130stanbul&#8217;da g\u00f6zalt\u0131na al\u0131nd\u0131.<\/p>\n","protected":false},"author":1,"featured_media":73778,"comment_status":"closed","ping_status":"open","sticky":false,"template":"","format":"standard","meta":{"footnotes":""},"categories":[26],"tags":[4836],"class_list":["post-73777","post","type-post","status-publish","format-standard","has-post-thumbnail","hentry","category-gundem","tag-dalkilic"],"_links":{"self":[{"href":"https:\/\/haberulus.net\/index.php?rest_route=\/wp\/v2\/posts\/73777","targetHints":{"allow":["GET"]}}],"collection":[{"href":"https:\/\/haberulus.net\/index.php?rest_route=\/wp\/v2\/posts"}],"about":[{"href":"https:\/\/haberulus.net\/index.php?rest_route=\/wp\/v2\/types\/post"}],"author":[{"embeddable":true,"href":"https:\/\/haberulus.net\/index.php?rest_route=\/wp\/v2\/users\/1"}],"replies":[{"embeddable":true,"href":"https:\/\/haberulus.net\/index.php?rest_route=%2Fwp%2Fv2%2Fcomments&post=73777"}],"version-history":[{"count":1,"href":"https:\/\/haberulus.net\/index.php?rest_route=\/wp\/v2\/posts\/73777\/revisions"}],"predecessor-version":[{"id":73779,"href":"https:\/\/haberulus.net\/index.php?rest_route=\/wp\/v2\/posts\/73777\/revisions\/73779"}],"wp:featuredmedia":[{"embeddable":true,"href":"https:\/\/haberulus.net\/index.php?rest_route=\/wp\/v2\/media\/73778"}],"wp:attachment":[{"href":"https:\/\/haberulus.net\/index.php?rest_route=%2Fwp%2Fv2%2Fmedia&parent=73777"}],"wp:term":[{"taxonomy":"category","embeddable":true,"href":"https:\/\/haberulus.net\/index.php?rest_route=%2Fwp%2Fv2%2Fcategories&post=73777"},{"taxonomy":"post_tag","embeddable":true,"href":"https:\/\/haberulus.net\/index.php?rest_route=%2Fwp%2Fv2%2Ftags&post=73777"}],"curies":[{"name":"wp","href":"https:\/\/api.w.org\/{rel}","templated":true}]}}