{"id":73780,"date":"2023-03-02T10:07:06","date_gmt":"2023-03-02T10:07:06","guid":{"rendered":"https:\/\/haberulus.net\/?p=73780"},"modified":"2023-03-02T10:07:06","modified_gmt":"2023-03-02T10:07:06","slug":"birinci-sinif-tarim-arazisi-uzerine-konteyner-kent-kuruluyor","status":"publish","type":"post","link":"https:\/\/haberulus.net\/?p=73780","title":{"rendered":"Birinci s\u0131n\u0131f tar\u0131m arazisi \u00fczerine konteyner kent kuruluyor"},"content":{"rendered":"<p>\u015eanl\u0131urfa B\u00fcy\u00fck\u015fehir Belediyesi&#8217;nin depremzedeler i\u00e7in yap\u0131lacak bin 84 konteynerden olu\u015facak konteyner kent i\u00e7in Haliliye \u0130l\u00e7esi&#8217;nin Uluba\u011f Mahallesi&#8217;nde 114 bin d\u00f6n\u00fcm alan kararla\u015ft\u0131r\u0131ld\u0131\u011f\u0131n\u0131 kaydeden DEVA Partisi \u015eanl\u0131urfa \u0130l Ba\u015fkan\u0131 Ahmet T\u00fcys\u00fcz, bu alan\u0131n 1. S\u0131n\u0131f tar\u0131m arazisi ve k\u0131rm\u0131z\u0131 toprak oldu\u011funu belirterek se\u00e7ilen yerin yanl\u0131\u015f oldu\u011funu vurgulad\u0131.<\/p>\n<p><img decoding=\"async\" src=\"https:\/\/i01.sozcucdn.com\/wp-content\/uploads\/2023\/03\/02\/sanliurfa2.jpg\" alt=\"\" title=\"\"><\/p>\n<p><strong>SONU FAC\u0130A OLUR<\/strong><\/p>\n<p>Se\u00e7ilen yanl\u0131\u015f yer nedeniyle zaten t\u00fckenmekte olan tar\u0131ma uygun arazilerin t\u00fckenmesine katk\u0131da bulunulaca\u011f\u0131n\u0131 belirterek \u015funlar\u0131 dile getirdi:<\/p>\n<p>\u201cOnca k\u0131ra\u00e7 yer dururken, neden 1. s\u0131n\u0131f tar\u0131m arazisi k\u0131rm\u0131z\u0131 topra\u011f\u0131n \u00fczerine mucur? Ka\u015f yapmak u\u011fruna g\u00f6z \u00e7\u0131karmak bu! O g\u00fczelim k\u0131rm\u0131z\u0131 toprak mucurla daha fazla heba edilmeden bu yanl\u0131\u015ftan derhal d\u00f6n\u00fclmelidir.<\/p>\n<p>Sonradan yanl\u0131\u015f oldu\u011fu anla\u015f\u0131lacak o topra\u011f\u0131n temizlenmesi dahi m\u00fcmk\u00fcn olamayacak. Temizlenecek olsa da bu \u00e7ok ciddi bir maliyet getirecektir. Bu g\u00fczelim topra\u011f\u0131 hi\u00e7bir amaca hizmet etmeyen bu m\u00fcsrif tutuma feda etmeyelim.\u201d<\/p>\n<p><img decoding=\"async\" src=\"https:\/\/i01.sozcucdn.com\/wp-content\/uploads\/2023\/03\/02\/sanliurfa.jpg\" alt=\"\" title=\"\"><br \/> <img decoding=\"async\" src=\"https:\/\/i01.sozcucdn.com\/wp-content\/uploads\/2023\/03\/02\/sanliurfa1.jpg\" alt=\"\" title=\"\"><\/p>\n<p><strong>\u015eANLURFA&#8217;NIN \u0130MAR Y\u00d6N\u00dc DE\u011e\u0130\u015eMEL\u0130<\/strong><\/p>\n<p>\u015eanl\u0131urfa&#8217;l\u0131 yap\u0131 denetim uzman\u0131 Mimar Bahattin \u00c7elik ise, depreminin vurdu\u011fu kentlerden olan \u015eanl\u0131urfa&#8217;da imar y\u00f6n\u00fcn\u00fcn de\u011fi\u015fmesi gerekti\u011fini belirtti.<\/p>\n<p>Bahattin \u00c7elik, \u015fehrin tar\u0131ma elveri\u015fsiz da\u011fl\u0131k b\u00f6lgelere y\u00f6nlendirilmesi gerekti\u011fini ifade ederek \u201cAma, maalesef tersine tar\u0131m arazilerinin oldu\u011fu Karak\u00f6pr\u00fc ve Harran y\u00f6n\u00fcnde geli\u015ftiriliyor. Oysa, imar Eyy\u00fcbiye ve G\u00fczelyurt da\u011fl\u0131k b\u00f6lgelerine y\u00f6nlendirilmelidir. Bu g\u00f6rev de belediye meclis \u00fcyelerindedir\u201d dedi.<\/p>\n","protected":false},"excerpt":{"rendered":"<p>\u015eanl\u0131urfa\u2019da depremzedeler i\u00e7in kurulacak konteyner kentin yerinin AKP\u2019li \u015eanl\u0131urfa Belediyesi taraf\u0131ndan yanl\u0131\u015f se\u00e7ildi\u011fini belirten Deva Partisi \u0130l Ba\u015fkan\u0131 T\u00fcys\u00fcz, &#8220;Ge\u00e7mi\u015f yanl\u0131lardan ders al\u0131nm\u0131yor. Konteyner kent tar\u0131m araziler \u00fczerine de\u011fil, k\u0131ra\u00e7 yerlere kurulmal\u0131&#8221; dedi.<\/p>\n","protected":false},"author":1,"featured_media":73781,"comment_status":"closed","ping_status":"open","sticky":false,"template":"","format":"standard","meta":{"footnotes":""},"categories":[26],"tags":[1232],"class_list":["post-73780","post","type-post","status-publish","format-standard","has-post-thumbnail","hentry","category-gundem","tag-tarim"],"_links":{"self":[{"href":"https:\/\/haberulus.net\/index.php?rest_route=\/wp\/v2\/posts\/73780","targetHints":{"allow":["GET"]}}],"collection":[{"href":"https:\/\/haberulus.net\/index.php?rest_route=\/wp\/v2\/posts"}],"about":[{"href":"https:\/\/haberulus.net\/index.php?rest_route=\/wp\/v2\/types\/post"}],"author":[{"embeddable":true,"href":"https:\/\/haberulus.net\/index.php?rest_route=\/wp\/v2\/users\/1"}],"replies":[{"embeddable":true,"href":"https:\/\/haberulus.net\/index.php?rest_route=%2Fwp%2Fv2%2Fcomments&post=73780"}],"version-history":[{"count":1,"href":"https:\/\/haberulus.net\/index.php?rest_route=\/wp\/v2\/posts\/73780\/revisions"}],"predecessor-version":[{"id":73782,"href":"https:\/\/haberulus.net\/index.php?rest_route=\/wp\/v2\/posts\/73780\/revisions\/73782"}],"wp:featuredmedia":[{"embeddable":true,"href":"https:\/\/haberulus.net\/index.php?rest_route=\/wp\/v2\/media\/73781"}],"wp:attachment":[{"href":"https:\/\/haberulus.net\/index.php?rest_route=%2Fwp%2Fv2%2Fmedia&parent=73780"}],"wp:term":[{"taxonomy":"category","embeddable":true,"href":"https:\/\/haberulus.net\/index.php?rest_route=%2Fwp%2Fv2%2Fcategories&post=73780"},{"taxonomy":"post_tag","embeddable":true,"href":"https:\/\/haberulus.net\/index.php?rest_route=%2Fwp%2Fv2%2Ftags&post=73780"}],"curies":[{"name":"wp","href":"https:\/\/api.w.org\/{rel}","templated":true}]}}