{"id":7379,"date":"2022-07-14T02:51:05","date_gmt":"2022-07-14T02:51:05","guid":{"rendered":"https:\/\/haberulus.net\/?p=7379"},"modified":"2022-07-14T02:51:05","modified_gmt":"2022-07-14T02:51:05","slug":"dikilinin-cennet-koylari-beton-tehdidi-altinda","status":"publish","type":"post","link":"https:\/\/haberulus.net\/?p=7379","title":{"rendered":"Dikili\u2019nin cennet koylar\u0131 beton tehdidi alt\u0131nda!"},"content":{"rendered":"<p><b>\u0130zmir Dikili\u2019nin do\u011fal g\u00fczellikleri ile bilinen Bademli ve Karag\u00f6l b\u00f6lgelerini de kapsayan b\u00fcy\u00fck bir alan\u0131n koruma stat\u00fcleri de\u011fi\u015ftirilerek yap\u0131la\u015fman\u0131n \u00f6n\u00fc a\u00e7\u0131ld\u0131. \u00c7evreciler yarg\u0131ya ba\u015fvurdu.<\/b><\/p>\n<p>\u00c7evre, \u015eehircilik ve \u0130klim De\u011fi\u015fikli\u011fi Bakanl\u0131\u011f\u0131, \u0130zmir&#8217;in Dikili il\u00e7esinde 1&#8217;inci Derece Do\u011fal Sit Alan\u0131 olan b\u00f6lgelerin stat\u00fclerinin \u201cDo\u011fal Sit-Nitelikli Do\u011fal Koruma Alan\u0131\u201d ve \u201cDo\u011fal Sit-S\u00fcrd\u00fcr\u00fclebilir Koruma ve Kontroll\u00fc Kullan\u0131m Alan\u0131\u201d olarak de\u011fi\u015ftirildi\u011fini a\u00e7\u0131klad\u0131.<\/p>\n<p>Bakanl\u0131k taraf\u0131ndan 2014 y\u0131l\u0131nda ba\u015flat\u0131lan \u201c\u0130zmir ve Manisa \u0130lleri Do\u011fal Sit Alanlar\u0131n\u0131n Ekolojik Temelli Bilimsel Ara\u015ft\u0131rma Projesi\u201d kapsam\u0131nda yap\u0131lan incelemeler sonucu yay\u0131nlanan haritada, stat\u00fcleri de\u011fi\u015ftirilen b\u00f6lgeler aras\u0131nda do\u011fal g\u00fczellikleri ile bilinen Bademli ve Karag\u00f6ller de yer al\u0131yor. Bakanl\u0131\u011f\u0131n bu karar\u0131yla birlikte b\u00f6lgede yap\u0131la\u015fman\u0131n \u00f6n\u00fc a\u00e7\u0131l\u0131rken, ayn\u0131 zamanda R\u00fczg\u00e2r Enerji Santrali, G\u00fcne\u015f Enerji Santrali ve madencilik faaliyetleri de yap\u0131labilecek.<\/p>\n<p><strong>KANUNLARA AYKIRI<\/strong><\/p>\n<p>B\u00f6lge halk\u0131 s\u00f6z konusu karara kar\u015f\u0131 harekete ge\u00e7ti. Dikili Kaymakaml\u0131\u011f\u0131 arac\u0131l\u0131\u011f\u0131yla bakanl\u0131\u011fa itiraz dilek\u00e7esi verildi. Dilek\u00e7ede \u015f\u00f6yle denildi: Bakanl\u0131k karar\u0131yla S\u0130T stat\u00fcs\u00fc de\u011fi\u015ftirilen alanlarda elektrik santralleri, bal\u0131k \u00e7iftlikleri, turizm tesisleri, geni\u015f yerle\u015fim alanlar\u0131, madencilik faaliyetleri projelendirilebilecektir. Tescil karar\u0131nda bulunan haritada da g\u00f6r\u00fclece\u011fi \u00fczere; deniz k\u0131y\u0131s\u0131nda bulunan b\u00f6lgeler tescil karar\u0131ndan etkilenmi\u015ftir. Anayasa&#8217;n\u0131n 43. maddesinin 2. f\u0131kras\u0131na g\u00f6re deniz, g\u00f6l ve akarsu k\u0131y\u0131lar\u0131yla, deniz ve g\u00f6llerin k\u0131y\u0131lar\u0131n\u0131 \u00e7evreleyen sahil \u015feritlerinden yararlanmada \u00f6ncelikle kamu yarar\u0131 g\u00f6zetilir. Bu durum K\u0131y\u0131 Kanunu&#8217;na ayk\u0131r\u0131l\u0131k olu\u015fturmaktad\u0131r.<\/p>\n<div><img decoding=\"async\" src=\"https:\/\/i01.sozcucdn.com\/wp-content\/uploads\/2022\/07\/14\/s14.jpg\" alt=\"\" title=\"\"><\/p>\n<p>\u0130mar de\u011fi\u015fikli\u011fiyle deniz k\u0131y\u0131lar\u0131nda her t\u00fcrl\u00fc yap\u0131la\u015fman\u0131n \u00f6n\u00fc a\u00e7\u0131ld\u0131. Bakanl\u0131\u011f\u0131n karar\u0131 \u00e7ok geni\u015f bir alanda ye\u015fil tahribat\u0131na neden olacak.<\/p>\n<\/div>\n<p><b>Bademli ve Denizk\u00f6y aras\u0131 imara a\u00e7\u0131l\u0131yor!<\/b><\/p>\n<p>Ege K\u00fclt\u00fcr ve \u00c7evre Platformu E\u015f S\u00f6zc\u00fcs\u00fc Do\u011fu I\u015f\u0131k s\u00f6z konusu de\u011fi\u015fiklikle birlikte Bademli&#8217;den Denizk\u00f6y&#8217;e kadar b\u00fcy\u00fck bir alan\u0131n yap\u0131la\u015fmaya a\u00e7\u0131ld\u0131\u011f\u0131n\u0131 s\u00f6yledi. Yap\u0131la\u015fman\u0131n yan\u0131 s\u0131ra madencilik faaliyetleri ve turizm tesisleri yap\u0131lmas\u0131n\u0131n \u00f6n\u00fcn\u00fcn a\u00e7\u0131ld\u0131\u011f\u0131na da dikkat \u00e7eken I\u015f\u0131k, stat\u00fcde yap\u0131lan de\u011fi\u015fikli\u011fi \u015fu s\u00f6zlerle anlatt\u0131:<\/p>\n<p>Bademli Mahallesi&#8217;nde Killik, De\u00e7emko, Pissa Koyu, Kalem Adas\u0131&#8217;n\u0131n i\u015fletme k\u0131sm\u0131, Bademli Liman alan\u0131 ve Hay\u0131tl\u0131 Koyu&#8217;ndan Denizk\u00f6y Mahallesi&#8217;ne kadar b\u00fcy\u00fck bir alan \u2018S\u00fcrd\u00fcr\u00fclebilir Koruma ve Kontroll\u00fc Kullan\u0131m Alan\u0131&#8217; olarak tescil edilmi\u015f durumda. Bu ilke karar\u0131na g\u00f6re; s\u00f6z etti\u011fimiz b\u00f6lgelerde madencilik faaliyetleri yap\u0131labilecek, turizm tesisleri kurulabilecek. Ye\u015fil alanlar ve ormanlar bu karardan zarar g\u00f6recek.<\/p>\n<div><img decoding=\"async\" src=\"https:\/\/i01.sozcucdn.com\/wp-content\/uploads\/2022\/07\/14\/s14-2.jpg\" alt=\"\" title=\"\"><\/p>\n<p>Erol Engel<\/p>\n<\/div>\n<p><b>Bu b\u00f6lgeler i\u015ftahlar\u0131n\u0131 kabart\u0131yor<\/b><\/p>\n<p>Bergama \u00c7evre Platformu S\u00f6zc\u00fcs\u00fc Erol Engel stat\u00fcleri de\u011fi\u015ftirilen alanlar\u0131n bakir b\u00f6lgeler oldu\u011funu s\u00f6yledi. Engel \u015f\u00f6yle konu\u015ftu: Bu b\u00f6lgeler birilerinin i\u015ftah\u0131n\u0131 kabart\u0131yor. \u00d6zellikle g\u00fcneye indi\u011finiz zaman Bodrum, Marmaris, \u00c7e\u015fme gibi turistik b\u00f6lgelerde ciddi bir t\u0131kan\u0131kl\u0131k var. \u0130stanbul&#8217;un sermayesi, buralar\u0131n S\u0130T derecelerini d\u00fc\u015f\u00fcrerek imara a\u00e7\u0131p b\u00f6lgeden yararlanmak istiyor. Pissa Koyu, Ege&#8217;de yaz aylar\u0131nda insanlar\u0131n geldi\u011fi ve i\u015fletmelerin bask\u0131s\u0131 olmadan tatil yapabildi\u011fi bir yerdir. Denizk\u00f6y ayn\u0131 \u015fekilde.<\/p>\n","protected":false},"excerpt":{"rendered":"<p>\u0130zmir Dikili\u2019nin do\u011fal g\u00fczellikleri ile bilinen Bademli ve Karag\u00f6l b\u00f6lgelerini de kapsayan b\u00fcy\u00fck bir alan\u0131n koruma stat\u00fcleri de\u011fi\u015ftirilerek &#8230;<\/p>\n","protected":false},"author":1,"featured_media":7380,"comment_status":"open","ping_status":"open","sticky":false,"template":"","format":"standard","meta":{"footnotes":""},"categories":[26],"tags":[541,1683,2363,527,2364],"class_list":["post-7379","post","type-post","status-publish","format-standard","has-post-thumbnail","hentry","category-gundem","tag-alan","tag-alani","tag-bolgeler","tag-deniz","tag-dogal"],"_links":{"self":[{"href":"https:\/\/haberulus.net\/index.php?rest_route=\/wp\/v2\/posts\/7379","targetHints":{"allow":["GET"]}}],"collection":[{"href":"https:\/\/haberulus.net\/index.php?rest_route=\/wp\/v2\/posts"}],"about":[{"href":"https:\/\/haberulus.net\/index.php?rest_route=\/wp\/v2\/types\/post"}],"author":[{"embeddable":true,"href":"https:\/\/haberulus.net\/index.php?rest_route=\/wp\/v2\/users\/1"}],"replies":[{"embeddable":true,"href":"https:\/\/haberulus.net\/index.php?rest_route=%2Fwp%2Fv2%2Fcomments&post=7379"}],"version-history":[{"count":1,"href":"https:\/\/haberulus.net\/index.php?rest_route=\/wp\/v2\/posts\/7379\/revisions"}],"predecessor-version":[{"id":7381,"href":"https:\/\/haberulus.net\/index.php?rest_route=\/wp\/v2\/posts\/7379\/revisions\/7381"}],"wp:featuredmedia":[{"embeddable":true,"href":"https:\/\/haberulus.net\/index.php?rest_route=\/wp\/v2\/media\/7380"}],"wp:attachment":[{"href":"https:\/\/haberulus.net\/index.php?rest_route=%2Fwp%2Fv2%2Fmedia&parent=7379"}],"wp:term":[{"taxonomy":"category","embeddable":true,"href":"https:\/\/haberulus.net\/index.php?rest_route=%2Fwp%2Fv2%2Fcategories&post=7379"},{"taxonomy":"post_tag","embeddable":true,"href":"https:\/\/haberulus.net\/index.php?rest_route=%2Fwp%2Fv2%2Ftags&post=7379"}],"curies":[{"name":"wp","href":"https:\/\/api.w.org\/{rel}","templated":true}]}}