{"id":73972,"date":"2023-03-02T13:37:05","date_gmt":"2023-03-02T13:37:05","guid":{"rendered":"https:\/\/haberulus.net\/?p=73972"},"modified":"2023-03-02T13:37:05","modified_gmt":"2023-03-02T13:37:05","slug":"d-vitamini-takviyesi-demansin-onlenmesinde-yardimci-olabilir","status":"publish","type":"post","link":"https:\/\/haberulus.net\/?p=73972","title":{"rendered":"D vitamini takviyesi demans\u0131n \u00f6nlenmesinde yard\u0131mc\u0131 olabilir"},"content":{"rendered":"<p>Alzheimer\u2019s &#038; Dementia: Diagnosis, Assessment &#038; Disease Monitoring dergisinde yay\u0131mlanan ara\u015ft\u0131rmaya g\u00f6re, D vitamini takviyesi ile demans aras\u0131ndaki ili\u015fkiyi incelemek amac\u0131yla 12 bin kat\u0131l\u0131mc\u0131yla \u00e7al\u0131\u015fma yap\u0131ld\u0131.<\/p>\n<p>Kanada ve \u0130ngiltere\u2019den ara\u015ft\u0131rmac\u0131lar, kat\u0131l\u0131mc\u0131lardan D vitamini takviyesi alan 4 bin 637 ki\u015filik grupta, takviye almayan gruba g\u00f6re y\u00fczde 40 daha az demans g\u00f6r\u00fcld\u00fc\u011f\u00fcn\u00fc tespit etti.<\/p>\n<p>Kat\u0131l\u0131mc\u0131lar\u0131n 2 bin 696\u2019s\u0131nda 10 y\u0131l i\u00e7inde demans geli\u015fti\u011fi tespit edilirken bu gruptaki 2 bin 17 ki\u015finin demans te\u015fhisi konulmadan \u00f6nce hi\u00e7 D vitamini takviyesi almad\u0131\u011f\u0131, 679\u2019unun ise \u00e7ok az takviye ald\u0131\u011f\u0131 belirtildi.<\/p>\n<p>Kanada\u2019daki Calgary \u00dcniversitesi Hotchkiss Beyin Enstit\u00fcs\u00fc ve \u0130ngiltere\u2019deki Exeter \u00dcniversitesi\u2019nden ara\u015ft\u0131rmac\u0131lar, kat\u0131l\u0131mc\u0131lar\u0131n ortalama ya\u015f\u0131n\u0131n 71 oldu\u011funu ve ara\u015ft\u0131rmaya kaydolduklar\u0131nda demans te\u015fhislerinin bulunmad\u0131\u011f\u0131n\u0131 kaydetti.<\/p>\n<p>Ara\u015ft\u0131rmac\u0131lardan Zahinoor Ismail, \u201cD vitamininin beyinde demans\u0131 azaltabilecek baz\u0131 etkilerinin oldu\u011funu biliyoruz ancak \u015fimdiye kadar yap\u0131lan ara\u015ft\u0131rmalarda \u00e7eli\u015fkili sonu\u00e7lar elde edilmi\u015fti.\u201d de\u011ferlendirmesinde bulundu.<\/p>\n<p>Ara\u015ft\u0131rma sonucu elde edilen bulgular\u0131n D vitamini takviyesi almas\u0131 gereken gruplara ili\u015fkin \u00f6nemli bilgiler verdi\u011fini belirten Ismail, \u201cBili\u015fsel gerileme ba\u015flamadan \u00f6nce erken takviye alman\u0131n yararl\u0131 olabilece\u011fine i\u015faret eden kan\u0131tlar bulduk\u201d ifadesini kulland\u0131.<\/p>\n<p>Exeter \u00dcniversitesinden Byron Creese de demans\u0131n \u00f6nlenmesi veya en az\u0131ndan geciktirilmesinin, bu hastal\u0131ktan etkilenen insan say\u0131s\u0131n\u0131n artmas\u0131 g\u00f6z \u00f6n\u00fcne al\u0131nd\u0131\u011f\u0131nda b\u00fcy\u00fck \u00f6nem ta\u015f\u0131d\u0131\u011f\u0131n\u0131 kaydetti.<\/p>\n<p>Creese, \u201cBu ara\u015ft\u0131rma sonucu, bize D vitamini takviyesinin demans\u0131 \u00f6nlemede ya da geciktirmede yararl\u0131 olabilece\u011fine i\u015faret ediyor ancak \u015fimdi bunu kesinle\u015ftirmek i\u00e7in klinik deneyler yapmal\u0131y\u0131z.\u201d de\u011ferlendirmesinde bulundu. (AA)<\/p>\n","protected":false},"excerpt":{"rendered":"<p>Yeni bir ara\u015ft\u0131rmaya g\u00f6re; demans hastal\u0131\u011f\u0131n\u0131n \u00f6nlenmesi i\u00e7in D vitamini takviyesi alman\u0131n yararl\u0131 olabilece\u011fi belirlendi.<\/p>\n","protected":false},"author":1,"featured_media":73973,"comment_status":"closed","ping_status":"open","sticky":false,"template":"","format":"standard","meta":{"footnotes":""},"categories":[30],"tags":[226,10757,10756],"class_list":["post-73972","post","type-post","status-publish","format-standard","has-post-thumbnail","hentry","category-saglik","tag-arastirma","tag-d-vitamini-takviyesi","tag-demans"],"_links":{"self":[{"href":"https:\/\/haberulus.net\/index.php?rest_route=\/wp\/v2\/posts\/73972","targetHints":{"allow":["GET"]}}],"collection":[{"href":"https:\/\/haberulus.net\/index.php?rest_route=\/wp\/v2\/posts"}],"about":[{"href":"https:\/\/haberulus.net\/index.php?rest_route=\/wp\/v2\/types\/post"}],"author":[{"embeddable":true,"href":"https:\/\/haberulus.net\/index.php?rest_route=\/wp\/v2\/users\/1"}],"replies":[{"embeddable":true,"href":"https:\/\/haberulus.net\/index.php?rest_route=%2Fwp%2Fv2%2Fcomments&post=73972"}],"version-history":[{"count":1,"href":"https:\/\/haberulus.net\/index.php?rest_route=\/wp\/v2\/posts\/73972\/revisions"}],"predecessor-version":[{"id":73974,"href":"https:\/\/haberulus.net\/index.php?rest_route=\/wp\/v2\/posts\/73972\/revisions\/73974"}],"wp:featuredmedia":[{"embeddable":true,"href":"https:\/\/haberulus.net\/index.php?rest_route=\/wp\/v2\/media\/73973"}],"wp:attachment":[{"href":"https:\/\/haberulus.net\/index.php?rest_route=%2Fwp%2Fv2%2Fmedia&parent=73972"}],"wp:term":[{"taxonomy":"category","embeddable":true,"href":"https:\/\/haberulus.net\/index.php?rest_route=%2Fwp%2Fv2%2Fcategories&post=73972"},{"taxonomy":"post_tag","embeddable":true,"href":"https:\/\/haberulus.net\/index.php?rest_route=%2Fwp%2Fv2%2Ftags&post=73972"}],"curies":[{"name":"wp","href":"https:\/\/api.w.org\/{rel}","templated":true}]}}