{"id":74224,"date":"2023-03-03T07:07:03","date_gmt":"2023-03-03T07:07:03","guid":{"rendered":"https:\/\/haberulus.net\/?p=74224"},"modified":"2023-03-03T07:07:03","modified_gmt":"2023-03-03T07:07:03","slug":"abd-isvec-ve-finlandiya-farkli-zamanlarda-natoya-katilabilir","status":"publish","type":"post","link":"https:\/\/haberulus.net\/?p=74224","title":{"rendered":"ABD: \u0130sve\u00e7 ve Finlandiya farkl\u0131 zamanlarda NATO\u2019ya kat\u0131labilir"},"content":{"rendered":"<p>ABD Ulusal G\u00fcvenlik Konseyi S\u00f6zc\u00fcs\u00fc John Kirby, NATO&#8217;nun geni\u015fleme s\u00fcreciyle ilgili a\u00e7\u0131klamalar yapt\u0131. Beyaz Saray&#8217;da d\u00fczenlenen bas\u0131n toplant\u0131s\u0131nda gazetecilerin sorular\u0131n\u0131 yan\u0131tlayan Kirby, \u201c\u00d6nemli olan Finlandiya ve \u0130sve\u00e7&#8217;in NATO&#8217;ya kat\u0131lmas\u0131. Bunun ayn\u0131 anda olup olmamas\u0131 \u00f6nemli de\u011fil\u201d dedi.<\/p>\n<p>Kirby, iki \u00fclkenin de \u201charika NATO m\u00fcttefikleri\u201d olaca\u011f\u0131n\u0131 kaydetti.<\/p>\n<p>\u0130ki \u00fclke, Rusya&#8217;n\u0131n Ukrayna&#8217;y\u0131 i\u015fgali sonras\u0131 NATO&#8217;ya \u00fcyelik ba\u015fvurusunda bulunmu\u015f ancak T\u00fcrkiye, ter\u00f6r \u00f6rg\u00fctlerine destek verdikleri gerek\u00e7esiyle \u0130sve\u00e7 ve Finlandiya&#8217;n\u0131n kat\u0131l\u0131m\u0131n\u0131 onaylamam\u0131\u015ft\u0131.<\/p>\n<p>T\u00fcrkiye, \u0130sve\u00e7&#8217;teki Kur&#8217;an yakma provokasyonuna b\u00fcy\u00fck tepki g\u00f6stermi\u015f, Cumhurba\u015fkan\u0131 Recep Tayyip Erdo\u011fan da ocak ay\u0131nda yapt\u0131\u011f\u0131 a\u00e7\u0131klamada \u201cFinlandiya\u2019yla ilgili farkl\u0131 bir mesaj verebiliriz. Finlandiya\u2019yla ilgili farkl\u0131 mesaj\u0131 verdi\u011fimiz zaman \u0130sve\u00e7 \u015fok olacak. Ama Finlandiya\u2019n\u0131n da ayn\u0131 yanl\u0131\u015f\u0131 yapmamas\u0131 laz\u0131m\u201d demi\u015fti.<\/p>\n","protected":false},"excerpt":{"rendered":"<p>ABD\u2019den NATO\u2019nun geni\u015flemesi ve T\u00fcrkiye\u2019nin \u0130sve\u00e7\u2019in \u00fcyeli\u011fine itirazlar\u0131yla ilgili yeni bir a\u00e7\u0131klama geldi.<\/p>\n","protected":false},"author":1,"featured_media":74225,"comment_status":"closed","ping_status":"open","sticky":false,"template":"","format":"standard","meta":{"footnotes":""},"categories":[24],"tags":[674],"class_list":["post-74224","post","type-post","status-publish","format-standard","has-post-thumbnail","hentry","category-dunya","tag-finlandiya"],"_links":{"self":[{"href":"https:\/\/haberulus.net\/index.php?rest_route=\/wp\/v2\/posts\/74224","targetHints":{"allow":["GET"]}}],"collection":[{"href":"https:\/\/haberulus.net\/index.php?rest_route=\/wp\/v2\/posts"}],"about":[{"href":"https:\/\/haberulus.net\/index.php?rest_route=\/wp\/v2\/types\/post"}],"author":[{"embeddable":true,"href":"https:\/\/haberulus.net\/index.php?rest_route=\/wp\/v2\/users\/1"}],"replies":[{"embeddable":true,"href":"https:\/\/haberulus.net\/index.php?rest_route=%2Fwp%2Fv2%2Fcomments&post=74224"}],"version-history":[{"count":1,"href":"https:\/\/haberulus.net\/index.php?rest_route=\/wp\/v2\/posts\/74224\/revisions"}],"predecessor-version":[{"id":74226,"href":"https:\/\/haberulus.net\/index.php?rest_route=\/wp\/v2\/posts\/74224\/revisions\/74226"}],"wp:featuredmedia":[{"embeddable":true,"href":"https:\/\/haberulus.net\/index.php?rest_route=\/wp\/v2\/media\/74225"}],"wp:attachment":[{"href":"https:\/\/haberulus.net\/index.php?rest_route=%2Fwp%2Fv2%2Fmedia&parent=74224"}],"wp:term":[{"taxonomy":"category","embeddable":true,"href":"https:\/\/haberulus.net\/index.php?rest_route=%2Fwp%2Fv2%2Fcategories&post=74224"},{"taxonomy":"post_tag","embeddable":true,"href":"https:\/\/haberulus.net\/index.php?rest_route=%2Fwp%2Fv2%2Ftags&post=74224"}],"curies":[{"name":"wp","href":"https:\/\/api.w.org\/{rel}","templated":true}]}}