{"id":74464,"date":"2023-03-03T10:37:03","date_gmt":"2023-03-03T10:37:03","guid":{"rendered":"https:\/\/haberulus.net\/?p=74464"},"modified":"2023-03-03T10:37:03","modified_gmt":"2023-03-03T10:37:03","slug":"fenerbahce-taraftari-kayserispor-macina-alinmayacak","status":"publish","type":"post","link":"https:\/\/haberulus.net\/?p=74464","title":{"rendered":"Fenerbah\u00e7e taraftar\u0131 Kayserispor ma\u00e7\u0131na al\u0131nmayacak"},"content":{"rendered":"<p>Spor Toto S\u00fcper Lig\u2019in 24. haftas\u0131nda oynanacak olan Kayserispor-Fenerbah\u00e7e ma\u00e7\u0131na, sar\u0131-lacivertli taraftarlar\u0131n deplasman trib\u00fcn\u00fcne al\u0131nmayaca\u011f\u0131na dair a\u00e7\u0131lan davada Mahkemece verilen karar, idarenin itirazlar\u0131 sonras\u0131 reddedildi.<\/p>\n<p>Kayserispor Kul\u00fcb\u00fc\u2019n\u00fcn talebi do\u011frultusunda Kayseri Valili\u011fi\u2019nin ald\u0131\u011f\u0131 yasak karar\u0131na Fenerbah\u00e7e Kul\u00fcb\u00fc itiraz etmi\u015fti.<\/p>\n<p><b>\u0130L G\u00dcVENL\u0130K KURULU\u2019NUN YAPTI\u011eI SAVUNMA!<\/b><\/p>\n<p>Mahkemenin y\u00fcr\u00fctme durdurma karar\u0131na kar\u015f\u0131 idare mahkemeye cevap dilek\u00e7esini g\u00f6nderdi.<\/p>\n<p>Dilek\u00e7ede yasak karar\u0131n\u0131n gerek\u00e7esi \u201cOrtak ac\u0131lara kar\u015f\u0131 millet\u00e7e tek v\u00fccut oldu\u011fumuz bu g\u00fcnlerde futbolun ayr\u0131\u015fmaya y\u00f6nelik art niyetli ama\u00e7lara bir alan olarak g\u00f6r\u00fclmesini engellemek\u201d olarak g\u00f6sterildi. Kayserispor kul\u00fcb\u00fc kendilerine gelen bilgiler oldu\u011funu ifade etmi\u015fti, ancak dilek\u00e7ede bu bilgilerden bahsedilmedi.<\/p>\n<p>Ayr\u0131ca dilek\u00e7ede \u201c<strong>Kimsenin bir hak kayb\u0131 olmayacak, ma\u00e7lar zaten \u015fifresiz yay\u0131nlanacak<\/strong>\u201d ifadesiyle Fenerbah\u00e7e taraftarlar\u0131n\u0131n hak kayb\u0131n\u0131n olmayaca\u011f\u0131 iddia edildi.<\/p>\n<p><b>\u2018H\u00dcK\u00dcMET \u0130ST\u0130FA\u2019 TEZAH\u00dcRATINA TEPK\u0130 G\u00d6STERM\u0130\u015eLERD\u0130<\/b><\/p>\n<p>Fenerbah\u00e7e trib\u00fcnlerinin Arabam.com Konyaspor ma\u00e7\u0131nda \u2018H\u00fck\u00fcmet \u0130stifa\u2019 tezah\u00fcratlar\u0131 sonras\u0131 Milliyet\u00e7i Hareket Partisi lideri Devlet Bah\u00e7eli taraftarlar\u0131n oyuna geldi\u011fini ve ma\u00e7lar\u0131n \u2018Seyircisiz oynanmas\u0131\u2019 gerekti\u011fini s\u00f6ylemi\u015fti.<\/p>\n<p>Kayserispor Kul\u00fcb\u00fc de Be\u015fikta\u015f trib\u00fcnlerinin de dahil oldu\u011fu \u2018H\u00fck\u00fcmet \u0130stifa\u2019 sloganlar\u0131na sosyal medya hesaplar\u0131ndan k\u0131nama mesaj\u0131 ge\u00e7mi\u015fti.<\/p>\n","protected":false},"excerpt":{"rendered":"<p>Kayserispor ile Fenerbah\u00e7e aras\u0131nda oynanacak ma\u00e7 \u00f6ncesinde sar\u0131-lacivertli taraftarlarla ilgili yeni karar al\u0131nd\u0131.<\/p>\n","protected":false},"author":1,"featured_media":74465,"comment_status":"closed","ping_status":"open","sticky":false,"template":"","format":"standard","meta":{"footnotes":""},"categories":[31],"tags":[1599],"class_list":["post-74464","post","type-post","status-publish","format-standard","has-post-thumbnail","hentry","category-spor","tag-kayseri"],"_links":{"self":[{"href":"https:\/\/haberulus.net\/index.php?rest_route=\/wp\/v2\/posts\/74464","targetHints":{"allow":["GET"]}}],"collection":[{"href":"https:\/\/haberulus.net\/index.php?rest_route=\/wp\/v2\/posts"}],"about":[{"href":"https:\/\/haberulus.net\/index.php?rest_route=\/wp\/v2\/types\/post"}],"author":[{"embeddable":true,"href":"https:\/\/haberulus.net\/index.php?rest_route=\/wp\/v2\/users\/1"}],"replies":[{"embeddable":true,"href":"https:\/\/haberulus.net\/index.php?rest_route=%2Fwp%2Fv2%2Fcomments&post=74464"}],"version-history":[{"count":1,"href":"https:\/\/haberulus.net\/index.php?rest_route=\/wp\/v2\/posts\/74464\/revisions"}],"predecessor-version":[{"id":74466,"href":"https:\/\/haberulus.net\/index.php?rest_route=\/wp\/v2\/posts\/74464\/revisions\/74466"}],"wp:featuredmedia":[{"embeddable":true,"href":"https:\/\/haberulus.net\/index.php?rest_route=\/wp\/v2\/media\/74465"}],"wp:attachment":[{"href":"https:\/\/haberulus.net\/index.php?rest_route=%2Fwp%2Fv2%2Fmedia&parent=74464"}],"wp:term":[{"taxonomy":"category","embeddable":true,"href":"https:\/\/haberulus.net\/index.php?rest_route=%2Fwp%2Fv2%2Fcategories&post=74464"},{"taxonomy":"post_tag","embeddable":true,"href":"https:\/\/haberulus.net\/index.php?rest_route=%2Fwp%2Fv2%2Ftags&post=74464"}],"curies":[{"name":"wp","href":"https:\/\/api.w.org\/{rel}","templated":true}]}}