{"id":74608,"date":"2023-03-03T13:21:04","date_gmt":"2023-03-03T13:21:04","guid":{"rendered":"https:\/\/haberulus.net\/?p=74608"},"modified":"2023-03-03T13:21:04","modified_gmt":"2023-03-03T13:21:04","slug":"kilicdaroglundan-ilk-aciklama","status":"publish","type":"post","link":"https:\/\/haberulus.net\/?p=74608","title":{"rendered":"K\u0131l\u0131\u00e7daro\u011flu\u2019ndan ilk a\u00e7\u0131klama"},"content":{"rendered":"<p>\u0130Y\u0130 Parti&#8217;nin Cumhurba\u015fkan\u0131 adayl\u0131\u011f\u0131 karar\u0131 sonras\u0131 Ankara\u2019da ba\u015f d\u00f6nd\u00fcren hareketlilik\u2026<\/p>\n<p>CHP Genel Ba\u015fkan\u0131 Kemal K\u0131l\u0131\u00e7daro\u011flu\u2019nun adayl\u0131\u011f\u0131n\u0131 veto ettiklerini a\u00e7\u0131klayan \u0130Y\u0130 Parti lideri Meral Ak\u015fener\u2019in \u201c\u0130Y\u0130 Parti bir dayatmaya mecbur b\u0131rak\u0131lm\u0131\u015f, \u00f6l\u00fcm ile s\u0131tma aras\u0131nda tercihe zorlanm\u0131\u015ft\u0131r. Buna boyun e\u011fmeyecektir\u201d s\u00f6zleri sonras\u0131 ilk de\u011ferlendirme CHP kanad\u0131ndan geldi.<\/p>\n<p>CHP lideri K\u0131l\u0131\u00e7daro\u011flu, \u015fu a\u00e7\u0131klamay\u0131 yapt\u0131: Hi\u00e7 merak etmeyin, b\u00fct\u00fcn ta\u015flar yerine oturacak.<\/p>\n<p>TBMM\u2019de T\u0130P Genel Ba\u015fkan\u0131 Erkan Ba\u015f ile g\u00f6r\u00fc\u015fen K\u0131l\u0131\u00e7daro\u011flu\u2019nun parti genel merkezine ge\u00e7ti\u011fi ve CHP MYK\u2019n\u0131n ola\u011fan\u00fcst\u00fc toplanaca\u011f\u0131 \u00f6\u011frenildi.<\/p>\n<p>Ak\u015fener, bug\u00fcn yapt\u0131\u011f\u0131 konu\u015fman\u0131n sonunda CHP\u2019li b\u00fcy\u00fck\u015fehir belediye ba\u015fkanlar\u0131 Mansur Yava\u015f ve Ekrem \u0130mamo\u011flu\u2019na seslenerek, \u201cMillet sizi g\u00f6reve \u00e7a\u011f\u0131r\u0131yor\u201d dedi.<\/p>\n","protected":false},"excerpt":{"rendered":"<p>\u0130Y\u0130 Parti lideri Ak\u015fener&#8217;in Alt\u0131l\u0131 Masa&#8217;n\u0131n da\u011f\u0131ld\u0131\u011f\u0131n\u0131 g\u00f6steren a\u00e7\u0131klamalar\u0131 sonras\u0131 ilk de\u011ferlendirme CHP lideri K\u0131l\u0131\u00e7daro\u011flu&#8217;ndan geldi.<\/p>\n","protected":false},"author":1,"featured_media":74609,"comment_status":"closed","ping_status":"open","sticky":false,"template":"","format":"standard","meta":{"footnotes":""},"categories":[26],"tags":[188,1089],"class_list":["post-74608","post","type-post","status-publish","format-standard","has-post-thumbnail","hentry","category-gundem","tag-bas","tag-chp"],"_links":{"self":[{"href":"https:\/\/haberulus.net\/index.php?rest_route=\/wp\/v2\/posts\/74608","targetHints":{"allow":["GET"]}}],"collection":[{"href":"https:\/\/haberulus.net\/index.php?rest_route=\/wp\/v2\/posts"}],"about":[{"href":"https:\/\/haberulus.net\/index.php?rest_route=\/wp\/v2\/types\/post"}],"author":[{"embeddable":true,"href":"https:\/\/haberulus.net\/index.php?rest_route=\/wp\/v2\/users\/1"}],"replies":[{"embeddable":true,"href":"https:\/\/haberulus.net\/index.php?rest_route=%2Fwp%2Fv2%2Fcomments&post=74608"}],"version-history":[{"count":1,"href":"https:\/\/haberulus.net\/index.php?rest_route=\/wp\/v2\/posts\/74608\/revisions"}],"predecessor-version":[{"id":74610,"href":"https:\/\/haberulus.net\/index.php?rest_route=\/wp\/v2\/posts\/74608\/revisions\/74610"}],"wp:featuredmedia":[{"embeddable":true,"href":"https:\/\/haberulus.net\/index.php?rest_route=\/wp\/v2\/media\/74609"}],"wp:attachment":[{"href":"https:\/\/haberulus.net\/index.php?rest_route=%2Fwp%2Fv2%2Fmedia&parent=74608"}],"wp:term":[{"taxonomy":"category","embeddable":true,"href":"https:\/\/haberulus.net\/index.php?rest_route=%2Fwp%2Fv2%2Fcategories&post=74608"},{"taxonomy":"post_tag","embeddable":true,"href":"https:\/\/haberulus.net\/index.php?rest_route=%2Fwp%2Fv2%2Ftags&post=74608"}],"curies":[{"name":"wp","href":"https:\/\/api.w.org\/{rel}","templated":true}]}}