{"id":74818,"date":"2023-03-03T20:21:03","date_gmt":"2023-03-03T20:21:03","guid":{"rendered":"https:\/\/haberulus.net\/?p=74818"},"modified":"2023-03-03T20:21:03","modified_gmt":"2023-03-03T20:21:03","slug":"davutoglu-herkesi-akliselim-icinde-davranmaya-davet-ederim","status":"publish","type":"post","link":"https:\/\/haberulus.net\/?p=74818","title":{"rendered":"Davuto\u011flu: Herkesi akl\u0131selim i\u00e7inde davranmaya davet ederim"},"content":{"rendered":"<p>\u0130Y\u0130 Parti Genel Ba\u015fkan\u0131 Meral Ak\u015fener, Genel \u0130dare Kurulu toplant\u0131s\u0131 sonras\u0131 yapt\u0131\u011f\u0131 a\u00e7\u0131klamada \u201cNoter masas\u0131na d\u00f6nd\u00fc\u201d diyerek K\u0131l\u0131\u00e7daro\u011flu&#8217;nun cumhurba\u015fkanl\u0131\u011f\u0131 adayl\u0131\u011f\u0131n\u0131 onaylamad\u0131\u011f\u0131n\u0131 belirterek Ankara B\u00fcy\u00fck\u015fehir Belediye Ba\u015fkan\u0131 Mansur Yava\u015f ve \u0130stanbul B\u00fcy\u00fck\u015fehir Belediye Ba\u015fkan\u0131 Ekrem \u0130mamo\u011flu\u2019na \u00e7a\u011fr\u0131 yapt\u0131.<\/p>\n<p>Geli\u015fmelerin ard\u0131ndan Gelecek Partisi Genel Ba\u015fkan\u0131 Ahmet Davuto\u011flu, Twitter hesab\u0131ndan konuyla ilgili a\u00e7\u0131klama yapt\u0131. Davuto\u011flu&#8217;nun yaz\u0131l\u0131 a\u00e7\u0131klamas\u0131nda \u015fu ifadeler yer ald\u0131:<\/p>\n<p>* \u201cGelecek Partisi olarak bizim i\u00e7in Millet \u0130ttifak\u0131 bir ki\u015finin cumhurba\u015fkanl\u0131\u011f\u0131, bir partinin iktidar\u0131 ya da partiler grubunun koalisyonu de\u011fil, g\u00fcc\u00fcn\u00fc derin millet vicdan\u0131ndan, iki y\u00fczy\u0131ll\u0131k siyasi tarih birikiminden ve tecr\u00fcbesinden alan bir toplumsal bar\u0131\u015f projesidir.<\/p>\n<p><strong>\u201cAYNI KARARLILIKLA DEVAMI VE BA\u015eARISI HER T\u00dcRL\u00dc S\u0130YAS\u0130 HESABIN \u00dcST\u00dcNDED\u0130R\u201d<\/strong><\/p>\n<p>* \u0130ktidar\u0131n kutupla\u015ft\u0131rma stratejisine meydan okuyan, milletimize b\u00fcy\u00fck umut kayna\u011f\u0131 olan bu toplumsal bar\u0131\u015f projesinin ayn\u0131 kararl\u0131l\u0131kla devam\u0131 ve ba\u015far\u0131s\u0131 her t\u00fcrl\u00fc siyasi hesab\u0131n \u00fcst\u00fcndedir. B\u00fct\u00fcn partilerin fedakar katk\u0131lar\u0131 ve emekleriyle ortaya koydu\u011fumuz tarihi nitelikteki ortak mutabakat metinleri siyasi y\u00f6ntem olarak tek akl\u0131n de\u011fil ortak akl\u0131n, dayatman\u0131n de\u011fil isti\u015farenin, rekabetin de\u011fil uzla\u015fman\u0131n eseri olmu\u015ftur.<\/p>\n<p><strong>\u201cORTAK AKIL VE Y\u00d6NET\u0130\u015e\u0130M K\u00dcLT\u00dcR\u00dc EGEMEN OLACAK\u201d<\/strong><\/p>\n<p>* Meselemiz tek ki\u015finin iradesinin hakim oldu\u011fu ucube sistemin mant\u0131\u011f\u0131n\u0131 benimseyerek cumhurba\u015fkanl\u0131\u011f\u0131 makam\u0131n\u0131 asla bir isme endekslemek de\u011fildir. Cumhurba\u015fkan\u0131 aday\u0131m\u0131z kazand\u0131\u011f\u0131nda, hi\u00e7bir toplum kesiminin \u2018biz kaybettik&#8217; hissine sahip olmayaca\u011f\u0131 bir ortak ak\u0131l ve y\u00f6neti\u015fim k\u00fclt\u00fcr\u00fc egemen olacakt\u0131r.<\/p>\n<p><strong>\u201cGELECEK PART\u0130S\u0130\u2019N\u0130N YOLUNA DEVAM EDECE\u011e\u0130N\u0130 VURGULARIM\u201d<\/strong><\/p>\n<p>* Bu kararl\u0131l\u0131kla Gelecek Partisi\u2019nin bug\u00fcne kadar att\u0131\u011f\u0131 t\u00fcm imzalar\u0131n arkas\u0131nda durarak yoluna devam edece\u011fini vurgular, bu zorlu s\u00fcre\u00e7te omuz omuza emek vermi\u015f herkesi akl\u0131selim i\u00e7inde davranmaya davet ederim. Milletimiz b\u00fcy\u00fck bir felaketin ac\u0131s\u0131n\u0131 ya\u015farken tarihi sorumlulu\u011fumuzun bir gere\u011fi olarak hi\u00e7bir siyasi ikbal d\u00fc\u015f\u00fcncesi i\u00e7inde olmaks\u0131z\u0131n yolumuza kararl\u0131l\u0131kla devam edece\u011fiz.\u201d<\/p>\n","protected":false},"excerpt":{"rendered":"<p>Gelecek Partisi Genel Ba\u015fkan\u0131 Ahmet Davuto\u011flu, Meral Ak\u015fener\u2019in a\u00e7\u0131klamalar\u0131n\u0131n ard\u0131ndan Twitter hesab\u0131ndan yaz\u0131l\u0131 bir a\u00e7\u0131klama payla\u015ft\u0131. Davuto\u011flu, &#8220;Bu zorlu s\u00fcre\u00e7te omuz omuza emek vermi\u015f herkesi akl\u0131selim i\u00e7inde davranmaya davet ederim&#8221; dedi.<\/p>\n","protected":false},"author":1,"featured_media":74819,"comment_status":"closed","ping_status":"open","sticky":false,"template":"","format":"standard","meta":{"footnotes":""},"categories":[26],"tags":[442,2124],"class_list":["post-74818","post","type-post","status-publish","format-standard","has-post-thumbnail","hentry","category-gundem","tag-parti","tag-siyasi"],"_links":{"self":[{"href":"https:\/\/haberulus.net\/index.php?rest_route=\/wp\/v2\/posts\/74818","targetHints":{"allow":["GET"]}}],"collection":[{"href":"https:\/\/haberulus.net\/index.php?rest_route=\/wp\/v2\/posts"}],"about":[{"href":"https:\/\/haberulus.net\/index.php?rest_route=\/wp\/v2\/types\/post"}],"author":[{"embeddable":true,"href":"https:\/\/haberulus.net\/index.php?rest_route=\/wp\/v2\/users\/1"}],"replies":[{"embeddable":true,"href":"https:\/\/haberulus.net\/index.php?rest_route=%2Fwp%2Fv2%2Fcomments&post=74818"}],"version-history":[{"count":1,"href":"https:\/\/haberulus.net\/index.php?rest_route=\/wp\/v2\/posts\/74818\/revisions"}],"predecessor-version":[{"id":74820,"href":"https:\/\/haberulus.net\/index.php?rest_route=\/wp\/v2\/posts\/74818\/revisions\/74820"}],"wp:featuredmedia":[{"embeddable":true,"href":"https:\/\/haberulus.net\/index.php?rest_route=\/wp\/v2\/media\/74819"}],"wp:attachment":[{"href":"https:\/\/haberulus.net\/index.php?rest_route=%2Fwp%2Fv2%2Fmedia&parent=74818"}],"wp:term":[{"taxonomy":"category","embeddable":true,"href":"https:\/\/haberulus.net\/index.php?rest_route=%2Fwp%2Fv2%2Fcategories&post=74818"},{"taxonomy":"post_tag","embeddable":true,"href":"https:\/\/haberulus.net\/index.php?rest_route=%2Fwp%2Fv2%2Ftags&post=74818"}],"curies":[{"name":"wp","href":"https:\/\/api.w.org\/{rel}","templated":true}]}}