{"id":75154,"date":"2023-03-04T12:51:05","date_gmt":"2023-03-04T12:51:05","guid":{"rendered":"https:\/\/haberulus.net\/?p=75154"},"modified":"2023-03-04T12:51:05","modified_gmt":"2023-03-04T12:51:05","slug":"tunusta-sendikalar-sokaga-indi","status":"publish","type":"post","link":"https:\/\/haberulus.net\/?p=75154","title":{"rendered":"Tunus\u2019ta sendikalar soka\u011fa indi"},"content":{"rendered":"<p>Tunus Genel \u0130\u015f\u00e7i Sendikas\u0131 (TG\u0130S), \u201csendikal haklar\u0131n k\u0131s\u0131tlanmas\u0131n\u0131 ve mevcut sosyal ekonomik durumu\u201d protesto etmek i\u00e7in g\u00f6steri d\u00fczenledi.<\/p>\n<p>TG\u0130S\u2019in \u00e7a\u011fr\u0131s\u0131 \u00fczerine sendika \u00fcyesi yakla\u015f\u0131k 2 bin ki\u015fi, ba\u015fkent Tunus\u2019taki Muhammed Ali Meydan\u0131\u2019nda topland\u0131. G\u00f6steride, \u201cKorku yok, ter\u00f6r yok, g\u00fc\u00e7 halk\u0131n elinde\u201d, \u201cPolis devletinde \u00f6zg\u00fcrl\u00fck olmaz\u201d, \u201cCan\u0131m\u0131zla kan\u0131m\u0131zla sendikan\u0131n yan\u0131nday\u0131z\u201d yaz\u0131l\u0131 pankartlar ta\u015f\u0131nd\u0131.<\/p>\n<p>TG\u0130S Genel Sekreteri Nureddin et-Tabubi, burada yapt\u0131\u011f\u0131 konu\u015fmada \u201cD\u00fcnyadaki t\u00fcm sendikalar gibi, i\u015f\u00e7ilere yap\u0131lan adaletsizli\u011fe, sendikal haklar\u0131n verilmemesine ve grev hakk\u0131n\u0131n engellenmesine kar\u015f\u0131 \u00e7\u0131kaca\u011f\u0131z\u201d dedi. Tek silahlar\u0131n\u0131n diyalog oldu\u011funa vurgulayan Tabubi, \u201cBizim \u015fiddetle veya ter\u00f6rle i\u015fimiz olmaz, biz haklar\u0131m\u0131z\u0131 diyalog yoluyla ve bar\u0131\u015f\u00e7\u0131l g\u00f6sterilerle alaca\u011f\u0131z. \u00dclkede diyalog kelimesi bir su\u00e7 haline geldi. Biz farkl\u0131 g\u00f6r\u00fc\u015flere ra\u011fmen a\u00e7\u0131k fikirli, ho\u015fg\u00f6r\u00fcl\u00fc ve birbirine kenetlenmi\u015f bir \u00fclkede olan Tunus\u2019tay\u0131z\u201d ifadelerini kulland\u0131.<\/p>\n<p><strong>GENEL GREV \u00c7A\u011eRISI<\/strong><\/p>\n<p>TG\u0130S, 3 \u015eubat\u2019ta yapt\u0131\u011f\u0131 a\u00e7\u0131klamayla \u201csendikal haklara y\u00f6nelik k\u0131s\u0131tlamalar\u0131 ve \u00fclkedeki ekonomik durumu protesto etmek\u201d i\u00e7in \u00e7e\u015fitli sekt\u00f6rlerde grev ve baz\u0131 kentlerde g\u00f6steri d\u00fczenleyeceklerini duyurmu\u015ftu.<\/p>\n<p>TG\u0130S&#8217;in \u00e7a\u011fr\u0131s\u0131 ile 18 \u015eubat\u2019ta Sfaks, Tuzer, Medenin, Kasrin, Kayravan, Nabil, Monastir ve Cenduba kentlerinde y\u00fczlerce sendika \u00fcyesi g\u00f6steri d\u00fczenlemi\u015fti. Tunus Cumhurba\u015fkan\u0131 Kays Said, g\u00f6sterilere kat\u0131larak a\u00e7\u0131klamalarda bulunan Avrupa Sendikalar Konfederasyonu (ETUC) Genel Sekreteri Esther Lynch\u2019in s\u0131n\u0131r d\u0131\u015f\u0131 edilmesi talimat\u0131 vermi\u015fti.<\/p>\n<p>Cumhurba\u015fkan\u0131 Said, TG\u0130S\u2019in grev duyurusunun ard\u0131ndan yapt\u0131\u011f\u0131 a\u00e7\u0131klamada, sendikal haklar\u0131n Anayasa taraf\u0131ndan g\u00fcvence alt\u0131na al\u0131nd\u0131\u011f\u0131n\u0131 ancak bu haklar\u0131n siyasi hedeflere ula\u015fmak i\u00e7in \u00f6ne s\u00fcr\u00fclemeyece\u011fini belirtmi\u015fti.<\/p>\n<p>\u00dclkede 11 \u015eubat\u2019tan bu yana siyasiler, gazeteciler, aktivistler, hakimler ve i\u015f insanlar\u0131n\u0131 kapsayan g\u00f6zalt\u0131 operasyonlar\u0131 d\u00fczenleniyor. Tunus Cumhurba\u015fkan\u0131 Said, \u00fclkede baz\u0131 siyasilere y\u00f6nelik g\u00f6zalt\u0131lar\u0131n \u201cdevletin g\u00fcvenli\u011fine kar\u015f\u0131 komplo kurma\u201d ve ekonomik krizi k\u00f6r\u00fcklemeye y\u00f6nelik ad\u0131mlardan \u00f6t\u00fcr\u00fc ger\u00e7ekle\u015ftirildi\u011fini s\u00f6ylemi\u015fti. (AA)<\/p>\n","protected":false},"excerpt":{"rendered":"<p>Tunus Genel \u0130\u015f\u00e7i Sendikas\u0131 &#8220;sendikal haklar&#8221; i\u00e7in soka\u011fa \u00e7\u0131kt\u0131.<\/p>\n","protected":false},"author":1,"featured_media":75155,"comment_status":"closed","ping_status":"open","sticky":false,"template":"","format":"standard","meta":{"footnotes":""},"categories":[24],"tags":[4410,3565,6710,1806],"class_list":["post-75154","post","type-post","status-publish","format-standard","has-post-thumbnail","hentry","category-dunya","tag-gosteri","tag-sendika","tag-tunus","tag-ulkede"],"_links":{"self":[{"href":"https:\/\/haberulus.net\/index.php?rest_route=\/wp\/v2\/posts\/75154","targetHints":{"allow":["GET"]}}],"collection":[{"href":"https:\/\/haberulus.net\/index.php?rest_route=\/wp\/v2\/posts"}],"about":[{"href":"https:\/\/haberulus.net\/index.php?rest_route=\/wp\/v2\/types\/post"}],"author":[{"embeddable":true,"href":"https:\/\/haberulus.net\/index.php?rest_route=\/wp\/v2\/users\/1"}],"replies":[{"embeddable":true,"href":"https:\/\/haberulus.net\/index.php?rest_route=%2Fwp%2Fv2%2Fcomments&post=75154"}],"version-history":[{"count":1,"href":"https:\/\/haberulus.net\/index.php?rest_route=\/wp\/v2\/posts\/75154\/revisions"}],"predecessor-version":[{"id":75156,"href":"https:\/\/haberulus.net\/index.php?rest_route=\/wp\/v2\/posts\/75154\/revisions\/75156"}],"wp:featuredmedia":[{"embeddable":true,"href":"https:\/\/haberulus.net\/index.php?rest_route=\/wp\/v2\/media\/75155"}],"wp:attachment":[{"href":"https:\/\/haberulus.net\/index.php?rest_route=%2Fwp%2Fv2%2Fmedia&parent=75154"}],"wp:term":[{"taxonomy":"category","embeddable":true,"href":"https:\/\/haberulus.net\/index.php?rest_route=%2Fwp%2Fv2%2Fcategories&post=75154"},{"taxonomy":"post_tag","embeddable":true,"href":"https:\/\/haberulus.net\/index.php?rest_route=%2Fwp%2Fv2%2Ftags&post=75154"}],"curies":[{"name":"wp","href":"https:\/\/api.w.org\/{rel}","templated":true}]}}