{"id":75202,"date":"2023-03-04T14:51:04","date_gmt":"2023-03-04T14:51:04","guid":{"rendered":"https:\/\/haberulus.net\/?p=75202"},"modified":"2023-03-04T14:51:04","modified_gmt":"2023-03-04T14:51:04","slug":"hdp-uzerimize-dusen-sorumlulugun-farkindayiz","status":"publish","type":"post","link":"https:\/\/haberulus.net\/?p=75202","title":{"rendered":"HDP: \u00dczerimize d\u00fc\u015fen sorumlulu\u011fun fark\u0131nday\u0131z"},"content":{"rendered":"<p>Parti genel merkezinde ola\u011fan\u00fcst\u00fc toplanan HDP Merkez Y\u00fcr\u00fctme Kurulu (MYK) toplant\u0131s\u0131nda, siyasi geli\u015fmeler de\u011ferlendirildi. Toplant\u0131n\u0131n ard\u0131ndan bas\u0131n a\u00e7\u0131klamas\u0131 yapan Sancar, geni\u015f demokrasi ittifak\u0131 yakla\u015f\u0131m\u0131 y\u00f6n\u00fcndeki politikalar\u0131 kararl\u0131l\u0131kla s\u00fcrd\u00fcrd\u00fcklerini s\u00f6yledi.<\/p>\n<p><strong>\u201cAYNI G\u00d6R\u00dc\u015eLER\u0130N ARKASINDAYIZ\u201d<\/strong><\/p>\n<p>Sancar, \u201cToplumsal uzla\u015f\u0131, \u00f6zg\u00fcr siyaset ve evrensel insanl\u0131k de\u011ferlerini ve demokrasi ve hukuk ilkelerini esas alarak \u00dc\u00e7\u00fcnc\u00fc Yol m\u00fccadelemizi b\u00fcy\u00fct\u00fcyoruz. Yakla\u015f\u0131k 1,5 y\u0131l \u00f6nce 27 Eyl\u00fcl 2021\u2019de ilan etti\u011fimiz 11 maddelik tutum belgemizin temel yakla\u015f\u0131m\u0131 buydu. Bizler bug\u00fcn de ayn\u0131 g\u00f6r\u00fc\u015flerin arkas\u0131nday\u0131z.\u201d diye konu\u015ftu.<\/p>\n<p>Demokratik cumhuriyete ula\u015fman\u0131n, mevcut iktidar g\u00fc\u00e7leriyle veya onu ikame etmek isteyen restorasyon savunucular\u0131yla de\u011fil demokrasi, adalet ve \u00f6zg\u00fcrl\u00fck diyen milyonlarla bulu\u015fmakla m\u00fcmk\u00fcn oldu\u011funu ileri s\u00fcren Sancar, \u015funlar\u0131 kaydetti:<\/p>\n<p>\u201c\u00c7\u00f6z\u00fcm, b\u00fct\u00fcn bu anlay\u0131\u015flar\u0131n bulu\u015ftu\u011fu, halklar\u0131n, emek\u00e7ilerin, gen\u00e7lerin, t\u00fcm ezilenlerin ve d\u0131\u015flananlar\u0131n, kimliklerin ve inan\u00e7lar\u0131n ortak \u00e7\u0131kar\u0131n\u0131 esas alan Emek ve \u00d6zg\u00fcrl\u00fck \u0130ttifak\u0131\u2019n\u0131n hedefledi\u011fi en geni\u015f demokratik m\u00fccadele ve irade ortakl\u0131\u011f\u0131d\u0131r.\u201d<\/p>\n<p><strong>KILI\u00c7DARO\u011eLU\u2019NUN ADAYLI\u011eINA NASIL BAKIYORLAR?<\/strong><\/p>\n<p>Konu\u015fmas\u0131n\u0131n ard\u0131ndan bir gazetecinin \u201cCHP Genel Ba\u015fkan\u0131 Kemal K\u0131l\u0131\u00e7daro\u011flu\u2019nun aday olmas\u0131 halinde Emek ve \u00d6zg\u00fcrl\u00fck \u0130ttifak\u0131\u2019n\u0131n tutumu ne olur?\u201d sorusuna Sancar, \u201cBu konuda hangi yolu ve y\u00f6ntemi izleyece\u011fimiz daha \u00f6nce defalarca s\u00f6zc\u00fclerimiz ve temsilcilerimiz taraf\u0131ndan a\u00e7\u0131klanm\u0131\u015ft\u0131r. Elbette geli\u015fmeleri takip edece\u011fiz. Kurullar\u0131m\u0131zla ve ittifak g\u00fc\u00e7lerimizle birlikte de\u011ferlendirece\u011fiz. Tutumumuzu da bu s\u00fcre\u00e7lerin sonucunda ortaya koyaca\u011f\u0131z.\u201d yan\u0131t\u0131n\u0131 verdi.<\/p>\n<p>Emek ve \u00d6zg\u00fcrl\u00fck \u0130ttifak\u0131\u2019n\u0131n cumhurba\u015fkan\u0131 aday\u0131na ili\u015fkin soruya kar\u015f\u0131l\u0131k Sancar, \u015funlar\u0131 s\u00f6yledi:<\/p>\n<p>\u201cCumhurba\u015fkanl\u0131\u011f\u0131 adayl\u0131\u011f\u0131 konusunda nas\u0131l bir yol izleyece\u011fimizi depremden \u00f6nce a\u00e7\u0131klam\u0131\u015ft\u0131k. Ancak depremin yaratt\u0131\u011f\u0131 sars\u0131nt\u0131 ve b\u00fcy\u00fck y\u0131k\u0131m bizleri bu s\u00fcreci yeniden de\u011ferlendirme karar\u0131na y\u00f6neltti. Bu s\u00fcreci yeniden de\u011ferlendirme \u00e7al\u0131\u015fmalar\u0131m\u0131z devam etmektedir. Hem kurullar\u0131m\u0131zda hem de ittifak g\u00fc\u00e7lerimizle bu de\u011ferlendirmeleri yap\u0131yoruz, yapmaya devam edece\u011fiz.\u201d<\/p>\n<p><strong>AK\u015eENER\u2019\u0130N KARARI<\/strong><\/p>\n<p>\u0130Y\u0130 Parti Genel Ba\u015fkan\u0131 Meral Ak\u015fener\u2019in alt\u0131l\u0131 masayla ilgili a\u00e7\u0131klamalar\u0131n\u0131n sorulmas\u0131 \u00fczerine Sancar, \u201cGeli\u015fmeleri takip ediyoruz. Hen\u00fcz kendi i\u00e7lerinde de g\u00f6r\u00fc\u015fme ve isti\u015fare s\u00fcreci devam ediyor. Biraz \u00f6nce yapt\u0131\u011f\u0131m a\u00e7\u0131klamada sorular\u0131n\u0131z\u0131n cevab\u0131n\u0131n oldu\u011funu d\u00fc\u015f\u00fcn\u00fcyorum. Daha fazlas\u0131n\u0131 belirtmeye gerek g\u00f6rm\u00fcyorum.\u201d ifadelerini kulland\u0131. (AA)<\/p>\n","protected":false},"excerpt":{"rendered":"<p>HDP E\u015f Genel Ba\u015fkan Mithat Sancar, cumhurba\u015fkanl\u0131\u011f\u0131 adayl\u0131\u011f\u0131 konusunda nas\u0131l bir yol izleyeceklerini depremden \u00f6nce a\u00e7\u0131klad\u0131klar\u0131n\u0131 an\u0131msatarak, &#8220;Ancak depremin yaratt\u0131\u011f\u0131 sars\u0131nt\u0131 ve b\u00fcy\u00fck y\u0131k\u0131m bizleri bu s\u00fcreci yeniden de\u011ferlendirme karar\u0131na y\u00f6neltti. Bu s\u00fcreci yeniden de\u011ferlendirme \u00e7al\u0131\u015fmalar\u0131m\u0131z devam etmektedir. \u00dczerimize d\u00fc\u015fen sorumlulu\u011fun fark\u0131nday\u0131z&#8221; dedi.<\/p>\n","protected":false},"author":1,"featured_media":75203,"comment_status":"closed","ping_status":"open","sticky":false,"template":"","format":"standard","meta":{"footnotes":""},"categories":[26],"tags":[4618,4816,575],"class_list":["post-75202","post","type-post","status-publish","format-standard","has-post-thumbnail","hentry","category-gundem","tag-ittifak","tag-ozgur","tag-sancar"],"_links":{"self":[{"href":"https:\/\/haberulus.net\/index.php?rest_route=\/wp\/v2\/posts\/75202","targetHints":{"allow":["GET"]}}],"collection":[{"href":"https:\/\/haberulus.net\/index.php?rest_route=\/wp\/v2\/posts"}],"about":[{"href":"https:\/\/haberulus.net\/index.php?rest_route=\/wp\/v2\/types\/post"}],"author":[{"embeddable":true,"href":"https:\/\/haberulus.net\/index.php?rest_route=\/wp\/v2\/users\/1"}],"replies":[{"embeddable":true,"href":"https:\/\/haberulus.net\/index.php?rest_route=%2Fwp%2Fv2%2Fcomments&post=75202"}],"version-history":[{"count":1,"href":"https:\/\/haberulus.net\/index.php?rest_route=\/wp\/v2\/posts\/75202\/revisions"}],"predecessor-version":[{"id":75204,"href":"https:\/\/haberulus.net\/index.php?rest_route=\/wp\/v2\/posts\/75202\/revisions\/75204"}],"wp:featuredmedia":[{"embeddable":true,"href":"https:\/\/haberulus.net\/index.php?rest_route=\/wp\/v2\/media\/75203"}],"wp:attachment":[{"href":"https:\/\/haberulus.net\/index.php?rest_route=%2Fwp%2Fv2%2Fmedia&parent=75202"}],"wp:term":[{"taxonomy":"category","embeddable":true,"href":"https:\/\/haberulus.net\/index.php?rest_route=%2Fwp%2Fv2%2Fcategories&post=75202"},{"taxonomy":"post_tag","embeddable":true,"href":"https:\/\/haberulus.net\/index.php?rest_route=%2Fwp%2Fv2%2Ftags&post=75202"}],"curies":[{"name":"wp","href":"https:\/\/api.w.org\/{rel}","templated":true}]}}