{"id":7607,"date":"2022-07-14T10:51:03","date_gmt":"2022-07-14T10:51:03","guid":{"rendered":"https:\/\/haberulus.net\/?p=7607"},"modified":"2022-07-14T10:51:03","modified_gmt":"2022-07-14T10:51:03","slug":"rusyadan-turkiyedeki-zirve-ile-ilgili-aciklama","status":"publish","type":"post","link":"https:\/\/haberulus.net\/?p=7607","title":{"rendered":"Rusya\u2019dan T\u00fcrkiye\u2019deki zirve ile ilgili a\u00e7\u0131klama"},"content":{"rendered":"<p><b>Rusya, d\u00fcn tah\u0131l krizi ile ilgili T\u00fcrkiye&#8217;de ger\u00e7ekle\u015fen zirve ile ilgili a\u00e7\u0131klamalarda bulundu.<\/b><\/p>\n<p>Rusya D\u0131\u015fi\u015fleri Bakanl\u0131\u011f\u0131, Rusya, T\u00fcrkiye, Ukrayna ve Birle\u015fmi\u015f Milletler (BM) aras\u0131ndaki<span>\u00a0tah\u0131l\u00a0<\/span>konusundaki g\u00f6r\u00fc\u015fmelerin devam edece\u011fini a\u00e7\u0131klad\u0131.<\/p>\n<p>Haber \u0130nterfax haber ajans\u0131nda yer ald\u0131.<\/p>\n<p>Ukrayna, Rusya ve T\u00fcrkiye\u2019den askeri heyetler, d\u00fcn \u0130stanbul\u2019da BM yetkilileriyle Ukrayna\u2019n\u0131n Karadeniz\u2019deki limanlar\u0131ndan<span>\u00a0tah\u0131l\u00a0<\/span>ihracat\u0131n\u0131n yeniden ba\u015flat\u0131lmas\u0131n\u0131 sa\u011flayacak olas\u0131 bir anla\u015fmay\u0131 g\u00f6r\u00fc\u015fmek i\u00e7in bir araya gelmi\u015fti.<\/p>\n<p>Milli Savunma Bakan\u0131 Hulusi Akar, d\u00fcn yapt\u0131\u011f\u0131 yaz\u0131l\u0131 a\u00e7\u0131klamas\u0131nda toplant\u0131n\u0131n \u201cOlumlu ve yap\u0131c\u0131 bir havada\u201d ge\u00e7ti\u011fini belirterek, \u201c\u00d6n\u00fcm\u00fczdeki hafta Ukrayna ve Rus heyetlerinin yeniden T\u00fcrkiye\u2019de toplanmas\u0131 konusunda fikir birli\u011fine var\u0131ld\u0131. \u00d6n\u00fcm\u00fczdeki hafta yapaca\u011f\u0131m\u0131z bu toplant\u0131da hem b\u00fct\u00fcn detaylar bir kez daha g\u00f6zden ge\u00e7irilecek hem de yapt\u0131\u011f\u0131m\u0131z \u00e7al\u0131\u015fmalar imza alt\u0131na al\u0131nacakt\u0131r\u201d demi\u015fti.<\/p>\n","protected":false},"excerpt":{"rendered":"<p>Rusya, d\u00fcn tah\u0131l krizi ile ilgili T\u00fcrkiye&#8217;de ger\u00e7ekle\u015fen zirve ile ilgili a\u00e7\u0131klamalarda bulundu. Rusya D\u0131\u015fi\u015fleri Bakanl\u0131\u011f\u0131, Rusya, T\u00fcrkiye &#8230;<\/p>\n","protected":false},"author":1,"featured_media":7608,"comment_status":"open","ping_status":"open","sticky":false,"template":"","format":"standard","meta":{"footnotes":""},"categories":[24],"tags":[69],"class_list":["post-7607","post","type-post","status-publish","format-standard","has-post-thumbnail","hentry","category-dunya","tag-rus"],"_links":{"self":[{"href":"https:\/\/haberulus.net\/index.php?rest_route=\/wp\/v2\/posts\/7607","targetHints":{"allow":["GET"]}}],"collection":[{"href":"https:\/\/haberulus.net\/index.php?rest_route=\/wp\/v2\/posts"}],"about":[{"href":"https:\/\/haberulus.net\/index.php?rest_route=\/wp\/v2\/types\/post"}],"author":[{"embeddable":true,"href":"https:\/\/haberulus.net\/index.php?rest_route=\/wp\/v2\/users\/1"}],"replies":[{"embeddable":true,"href":"https:\/\/haberulus.net\/index.php?rest_route=%2Fwp%2Fv2%2Fcomments&post=7607"}],"version-history":[{"count":1,"href":"https:\/\/haberulus.net\/index.php?rest_route=\/wp\/v2\/posts\/7607\/revisions"}],"predecessor-version":[{"id":7609,"href":"https:\/\/haberulus.net\/index.php?rest_route=\/wp\/v2\/posts\/7607\/revisions\/7609"}],"wp:featuredmedia":[{"embeddable":true,"href":"https:\/\/haberulus.net\/index.php?rest_route=\/wp\/v2\/media\/7608"}],"wp:attachment":[{"href":"https:\/\/haberulus.net\/index.php?rest_route=%2Fwp%2Fv2%2Fmedia&parent=7607"}],"wp:term":[{"taxonomy":"category","embeddable":true,"href":"https:\/\/haberulus.net\/index.php?rest_route=%2Fwp%2Fv2%2Fcategories&post=7607"},{"taxonomy":"post_tag","embeddable":true,"href":"https:\/\/haberulus.net\/index.php?rest_route=%2Fwp%2Fv2%2Ftags&post=7607"}],"curies":[{"name":"wp","href":"https:\/\/api.w.org\/{rel}","templated":true}]}}