{"id":76151,"date":"2023-03-06T10:51:07","date_gmt":"2023-03-06T10:51:07","guid":{"rendered":"https:\/\/haberulus.net\/?p=76151"},"modified":"2023-03-06T10:51:07","modified_gmt":"2023-03-06T10:51:07","slug":"kara-tren-kara-gunde-yuvalari-oldu","status":"publish","type":"post","link":"https:\/\/haberulus.net\/?p=76151","title":{"rendered":"Kara tren kara g\u00fcnde yuvalar\u0131 oldu"},"content":{"rendered":"<div>Kahramanmara\u015f merkezli depremlerin ard\u0131ndan Hatay\u2019\u0131n \u0130skenderun il\u00e7esinde a\u011f\u0131r hasar alan evini terk etmek zorunda kalan \u015eeng\u00fcl Kurtar\u0131c\u0131, daha \u00f6nce hi\u00e7 binmedi\u011fi tren vagonunu yakla\u015f\u0131k 1 ayd\u0131r evi olarak kullan\u0131yor.<\/p>\n<p><img decoding=\"async\" src=\"https:\/\/i01.sozcucdn.com\/wp-content\/uploads\/2023\/03\/06\/aa-20230306-30490605-30490604-hayati_boyunca_binmedigi_tren_depremden_sonra_evi_oldu.jpg\" alt=\"\" title=\"\"><\/div>\n<div>\n<div>\n<p>Pazarc\u0131k ve Elbistan merkezli, 7,7 ve 7,6 b\u00fcy\u00fckl\u00fc\u011f\u00fcndeki depremlerin ard\u0131ndan y\u0131k\u0131lan veya a\u011f\u0131r hasar g\u00f6ren evlerini bo\u015faltmak zorunda kalan yakla\u015f\u0131k 1000 ki\u015fi, \u0130skenderun Tren Gar\u0131\u2019ndaki 22\u2019si yatakl\u0131 27\u00a0vagonda kal\u0131yor.<\/p>\n<p>Koltuklu tren\u00a0vagonunda o\u011flu ve e\u015fiyle kalan 44 ya\u015f\u0131ndaki Kurtar\u0131c\u0131, kendisini g\u00f6rmek i\u00e7in gelen misafirlerini de burada a\u011f\u0131rl\u0131yor.<\/p>\n<p><img decoding=\"async\" src=\"https:\/\/i01.sozcucdn.com\/wp-content\/uploads\/2023\/03\/06\/aa-20230306-30490605-30490597-hayati_boyunca_binmedigi_tren_depremden_sonra_evi_oldu.jpg\" alt=\"\" title=\"\"><\/p>\n<p>Kurtar\u0131c\u0131, AA muhabirine, depremin ard\u0131ndan trende kalmaya ba\u015flad\u0131klar\u0131n\u0131 s\u00f6yledi.<\/p>\n<p>Depreme evde yakaland\u0131klar\u0131n\u0131 anlatan Kurtar\u0131c\u0131, \u201cSars\u0131lmaya ba\u015flay\u0131nca kalkt\u0131k. Sonra o\u011flumu \u00e7a\u011f\u0131ray\u0131m dedim. \u015eiddetlenince e\u015fim ve o\u011flum mutfa\u011fa gittiler. Ben de salona gittim. Her birimiz bir yere gittik. Sonra deprem durunca indik. Yapacak bir \u015fey yok Allah\u2019tan gelene. Ev y\u0131k\u0131lmad\u0131, ayakta ama i\u00e7i filan \u00e7ok k\u00f6t\u00fc. Sabaha kadar bekledik. Sabah buraya geldik. Bir daha da gitmedik.\u201d dedi.<\/p>\n<p><img decoding=\"async\" src=\"https:\/\/i01.sozcucdn.com\/wp-content\/uploads\/2023\/03\/06\/aa-20230306-30490605-30490594-hayati_boyunca_binmedigi_tren_depremden_sonra_evi_oldu.jpg\" alt=\"\" title=\"\"><\/p>\n<p>Depremden sonra yeni yuvalar\u0131n\u0131n tren oldu\u011funu belirten Kurtar\u0131c\u0131, \u015f\u00f6yle devam etti:<\/p>\n<p>\u201cBurada yat\u0131yoruz, \u015fimdilik g\u00fczel. D\u0131\u015far\u0131da kalmaktan iyidir. D\u0131\u015far\u0131da \u00e7ok ki\u015fi hasta oldu. Yani Allah bundan a\u015fa\u011f\u0131 d\u00fc\u015f\u00fcrmesin. Daha \u00f6nce trenle hi\u00e7bir yere gitmedim. \u0130lk defa buraya geldik. Buras\u0131 evimiz oldu. Burada ya\u015famak zor ama d\u0131\u015far\u0131dan yine iyidir. O so\u011fuklar\u0131 anlat\u0131yorlar, biz ilk g\u00fcnden beri rahat\u0131z.\u201d<\/p>\n<p><img decoding=\"async\" src=\"https:\/\/i01.sozcucdn.com\/wp-content\/uploads\/2023\/03\/06\/aa-20230306-30490605-30490598-hayati_boyunca_binmedigi_tren_depremden_sonra_evi_oldu.jpg\" alt=\"\" title=\"\"><\/p>\n<p><strong>\u201cEVDEK\u0130 KORKUYU YA\u015eAMIYORUM\u201d<\/strong><\/p>\n<p>Trende e\u015fi, k\u0131z\u0131 ve torunlar\u0131yla kalan Y\u0131lmaz C\u00fcc\u00fck de depremden sonra iki g\u00fcn d\u0131\u015farda ya\u015fad\u0131klar\u0131n\u0131, \u00fc\u00e7\u00fcnc\u00fc g\u00fcn ise trene geldiklerini belirtti.<\/p>\n<p>Treni evden daha g\u00fcvenli g\u00f6rd\u00fcklerini aktaran C\u00fcc\u00fck, \u201cEn az\u0131ndan evdeki korkuyu ya\u015fam\u0131yorsun. \u015eimdi burada sallansa bile biz oturdu\u011fumuz yerden art\u0131k al\u0131\u015ft\u0131k. \u2018Deprem oluyor\u2019 diyoruz. Buran\u0131n m\u00fcd\u00fcr\u00fcnden, bakan\u0131m\u0131zdan, devletimizden Allah raz\u0131 olsun. Bir s\u0131k\u0131nt\u0131m\u0131z yok. Burada sabahlar\u0131 \u00e7orba, \u00e7ay veriyorlar. \u00c7ocuklar i\u00e7in meyve suyu kek veriyorlar. Ak\u015fam buradan yemek veriyorlar.\u201d diye konu\u015ftu.<br \/>C\u00fcc\u00fck, trende yeni tan\u0131d\u0131klar\u0131 ki\u015filerle aile gibi olduklar\u0131n\u0131 s\u00f6zlerine ekledi.<\/p>\n<p><img decoding=\"async\" src=\"https:\/\/i01.sozcucdn.com\/wp-content\/uploads\/2023\/03\/06\/aa-20230306-30490605-30490603-hayati_boyunca_binmedigi_tren_depremden_sonra_evi_oldu.jpg\" alt=\"\" title=\"\"><\/p>\n<p>AA<\/p>\n<\/div>\n<\/div>\n","protected":false},"excerpt":{"rendered":"<p>Kahramanmara\u015f merkezli depremlerin ard\u0131ndan Hatay&#8217;\u0131n \u0130skenderun il\u00e7esinde a\u011f\u0131r hasar alan evini terk etmek zorunda kalan \u015eeng\u00fcl Kurtar\u0131c\u0131: &#8220;Ben tren falan g\u00f6rmedim, ilk defa g\u00f6r\u00fcyorum. Hi\u00e7bir yere gitmedim trenle. \u015eimdi buras\u0131 evimiz oldu. Burada ya\u015famak zor ama d\u0131\u015far\u0131dan yine iyidir.&#8221;<\/p>\n","protected":false},"author":1,"featured_media":76152,"comment_status":"closed","ping_status":"open","sticky":false,"template":"","format":"standard","meta":{"footnotes":""},"categories":[33],"tags":[1958,10891,2718],"class_list":["post-76151","post","type-post","status-publish","format-standard","has-post-thumbnail","hentry","category-yasam","tag-deprem","tag-kurtarici","tag-tren"],"_links":{"self":[{"href":"https:\/\/haberulus.net\/index.php?rest_route=\/wp\/v2\/posts\/76151","targetHints":{"allow":["GET"]}}],"collection":[{"href":"https:\/\/haberulus.net\/index.php?rest_route=\/wp\/v2\/posts"}],"about":[{"href":"https:\/\/haberulus.net\/index.php?rest_route=\/wp\/v2\/types\/post"}],"author":[{"embeddable":true,"href":"https:\/\/haberulus.net\/index.php?rest_route=\/wp\/v2\/users\/1"}],"replies":[{"embeddable":true,"href":"https:\/\/haberulus.net\/index.php?rest_route=%2Fwp%2Fv2%2Fcomments&post=76151"}],"version-history":[{"count":1,"href":"https:\/\/haberulus.net\/index.php?rest_route=\/wp\/v2\/posts\/76151\/revisions"}],"predecessor-version":[{"id":76153,"href":"https:\/\/haberulus.net\/index.php?rest_route=\/wp\/v2\/posts\/76151\/revisions\/76153"}],"wp:featuredmedia":[{"embeddable":true,"href":"https:\/\/haberulus.net\/index.php?rest_route=\/wp\/v2\/media\/76152"}],"wp:attachment":[{"href":"https:\/\/haberulus.net\/index.php?rest_route=%2Fwp%2Fv2%2Fmedia&parent=76151"}],"wp:term":[{"taxonomy":"category","embeddable":true,"href":"https:\/\/haberulus.net\/index.php?rest_route=%2Fwp%2Fv2%2Fcategories&post=76151"},{"taxonomy":"post_tag","embeddable":true,"href":"https:\/\/haberulus.net\/index.php?rest_route=%2Fwp%2Fv2%2Ftags&post=76151"}],"curies":[{"name":"wp","href":"https:\/\/api.w.org\/{rel}","templated":true}]}}