{"id":76187,"date":"2023-03-06T11:35:06","date_gmt":"2023-03-06T11:35:06","guid":{"rendered":"https:\/\/haberulus.net\/?p=76187"},"modified":"2023-03-06T11:35:06","modified_gmt":"2023-03-06T11:35:06","slug":"tarcina-29uncu-gunde-kavustular","status":"publish","type":"post","link":"https:\/\/haberulus.net\/?p=76187","title":{"rendered":"\u2018Tar\u00e7\u0131n\u2019a 29\u2019uncu g\u00fcnde kavu\u015ftular"},"content":{"rendered":"<p>Kahramanmara\u015f merkezli 11 ilimizi etkileyen depremlerin ard\u0131ndan Ceylan Altun ve k\u0131z\u0131 Sude Kay\u0131, depreme Hatay\u2019\u0131n \u0130skenderun il\u00e7esindeki evlerinde yakaland\u0131. Be\u015f katl\u0131 binan\u0131n birinci kat\u0131nda ya\u015fayan aile panikle d\u0131\u015far\u0131 \u00e7\u0131kt\u0131, \u2018Tar\u00e7\u0131n\u2019 adl\u0131 kedileri ise evde kald\u0131.<\/p>\n<p>Altun, depremlerden sonra \u2018Tar\u00e7\u0131n\u2019\u0131 bulabilmek i\u00e7in a\u011f\u0131r hasarl\u0131 binaya girdi ancak kediye ula\u015famad\u0131. Altun, durumu hayvanseverler ve hayvanlar\u0131 koruma derneklerine de bildirdi. Deprem b\u00f6lgesinde bulunduklar\u0131 s\u00fcrede \u2018Tar\u00e7\u0131n\u2019a ula\u015fmaya \u00e7al\u0131\u015fan aile, sonuca ula\u015famad\u0131.<\/p>\n<p>Altun ve k\u0131z\u0131, 10 \u015eubat\u2019ta ise Bodrum\u2019da stajyer avukatl\u0131k yapan k\u0131z\u0131 Cemre Kay\u0131\u2019n\u0131n (24) yan\u0131na gitti. Evin \u00e7evresindeki i\u015f yeri sahiplerinden \u2018Tar\u00e7\u0131n\u2019\u0131n bulunmas\u0131 i\u00e7in destek isteyen Altun, \u2018Tar\u00e7\u0131n\u2019a ula\u015fabilmek i\u00e7in irtibat\u0131n\u0131 s\u00fcrd\u00fcrd\u00fc.<\/p>\n<p>Altun, 2 Mart\u2019ta temel ihtiya\u00e7lar\u0131n\u0131 kar\u015f\u0131lamak i\u00e7in Bodrum Gen\u00e7lik Merkezi\u2019ne gitti\u011fi s\u0131rada kendisine ula\u015fan i\u015f yeri sahibi, \u2018Tar\u00e7\u0131n\u2019\u0131n bulundu\u011funu haber verdi. \u0130nsanca Ya\u015fam Derne\u011fi g\u00f6n\u00fcll\u00fclerinin destekleriyle \u0130skenderun\u2019dan al\u0131nan Tar\u00e7\u0131n, bug\u00fcn Bodrum\u2019a g\u00f6t\u00fcr\u00fcld\u00fc.<\/p>\n<p>Depremzede aile, depremin 29\u2019uncu g\u00fcn\u00fcnde Tar\u00e7\u0131n\u2019a kavu\u015ftu.<\/p>\n<p><img decoding=\"async\" src=\"https:\/\/i01.sozcucdn.com\/wp-content\/uploads\/2023\/03\/06\/tarcin1.1_22524277.jpg\" alt=\"\" title=\"\"><\/p>\n<p><strong>\u201c\u015e\u0130MD\u0130 A\u0130LE OLDUK\u201d<\/strong><\/p>\n<p>\u2018Tar\u00e7\u0131n\u2019\u0131n 8 ayl\u0131kken Ukrayna\u2019da bir arkada\u015f\u0131n\u0131n kendisine hediye etti\u011fini belirten Ceylan Altun, \u015f\u00f6yle konu\u015ftu:<\/p>\n<p>\u201cDeprem an\u0131nda salonda kuca\u011f\u0131mda \u2018Tar\u00e7\u0131n\u2019la oturuyordum. Deprem ba\u015flay\u0131nca Tar\u00e7\u0131n\u2019\u0131 da al\u0131p Sude\u2019nin odas\u0131na ko\u015ftum. Bu s\u0131rada \u2018Tar\u00e7\u0131n\u2019 elimden ka\u00e7t\u0131. Kendimizi d\u0131\u015far\u0131ya zor att\u0131k. Bina hasar ald\u0131\u011f\u0131 i\u00e7in i\u00e7eriye giremedik. \u0130ki g\u00fcn sonra bina hasarl\u0131 olsa da \u2018Tar\u00e7\u0131n\u2019\u0131 bulabilmek umuduyla i\u00e7eriye girdik ama hi\u00e7bir yerde bulamad\u0131k. Birka\u00e7 g\u00fcn sonra gitti\u011fimizde yine yoktu ama ya\u015fad\u0131\u011f\u0131n\u0131 hissediyorduk. Bodrum\u2019a gidince \u00e7evredeki i\u015f yeri sahiplerinden \u2018Tar\u00e7\u0131n\u2019\u0131 bulabilmek i\u00e7in destek istedim. K\u00fcnefeci Furkan\u2019a eve ya\u015f mama b\u0131rakmas\u0131n\u0131 rica etmi\u015ftim. Furkan, o g\u00fcn \u2018Tar\u00e7\u0131n\u2019\u0131 buldu\u011funu s\u00f6ylemek i\u00e7in arad\u0131. \u0130nsanca Ya\u015fam Derne\u011fi g\u00f6n\u00fcll\u00fclerinin koordinasyonuyla \u2018Tar\u00e7\u0131n\u2019a kavu\u015ftuk. K\u0131zlar\u0131m okudu\u011fu i\u00e7in evde daha \u00e7ok \u2018Tar\u00e7\u0131n\u2019la vakit ge\u00e7iriyordum. \u00c7ocuklar\u0131mdan daha \u00e7ok benimle zaman ge\u00e7iren bir bebek. Can\u0131m\u0131n biri orada kalm\u0131\u015ft\u0131. \u015eimdi aile olduk, \u015fimdi tamamland\u0131k.\u201d (DHA)<\/p>\n","protected":false},"excerpt":{"rendered":"<p>Kahramanmara\u015f merkezli 6 \u015eubat&#8217;taki depremlerden sonra k\u0131z\u0131 Sude Kay\u0131 (19) ile evleri hasar g\u00f6rd\u00fc\u011f\u00fc i\u00e7in Hatay&#8217;dan Bodrum&#8217;a giden Ceylan Altun (45), afet s\u0131ras\u0131nda kaybettikleri 6 ya\u015f\u0131ndaki &#8216;Tar\u00e7\u0131n&#8217; adl\u0131 kedilerine kavu\u015ftu. Tar\u00e7\u0131n&#8217;\u0131 buldu\u011fu i\u00e7in \u00e7ok mutlu oldu\u011funu s\u00f6yleyen Ceylan Altun, &#8220;Can\u0131m\u0131n biri orada kalm\u0131\u015ft\u0131. \u015eimdi aile olduk&#8221; dedi.<\/p>\n","protected":false},"author":1,"featured_media":76188,"comment_status":"closed","ping_status":"open","sticky":false,"template":"","format":"standard","meta":{"footnotes":""},"categories":[33],"tags":[1079,4760,1958,556],"class_list":["post-76187","post","type-post","status-publish","format-standard","has-post-thumbnail","hentry","category-yasam","tag-aile","tag-altun","tag-deprem","tag-yas"],"_links":{"self":[{"href":"https:\/\/haberulus.net\/index.php?rest_route=\/wp\/v2\/posts\/76187","targetHints":{"allow":["GET"]}}],"collection":[{"href":"https:\/\/haberulus.net\/index.php?rest_route=\/wp\/v2\/posts"}],"about":[{"href":"https:\/\/haberulus.net\/index.php?rest_route=\/wp\/v2\/types\/post"}],"author":[{"embeddable":true,"href":"https:\/\/haberulus.net\/index.php?rest_route=\/wp\/v2\/users\/1"}],"replies":[{"embeddable":true,"href":"https:\/\/haberulus.net\/index.php?rest_route=%2Fwp%2Fv2%2Fcomments&post=76187"}],"version-history":[{"count":1,"href":"https:\/\/haberulus.net\/index.php?rest_route=\/wp\/v2\/posts\/76187\/revisions"}],"predecessor-version":[{"id":76189,"href":"https:\/\/haberulus.net\/index.php?rest_route=\/wp\/v2\/posts\/76187\/revisions\/76189"}],"wp:featuredmedia":[{"embeddable":true,"href":"https:\/\/haberulus.net\/index.php?rest_route=\/wp\/v2\/media\/76188"}],"wp:attachment":[{"href":"https:\/\/haberulus.net\/index.php?rest_route=%2Fwp%2Fv2%2Fmedia&parent=76187"}],"wp:term":[{"taxonomy":"category","embeddable":true,"href":"https:\/\/haberulus.net\/index.php?rest_route=%2Fwp%2Fv2%2Fcategories&post=76187"},{"taxonomy":"post_tag","embeddable":true,"href":"https:\/\/haberulus.net\/index.php?rest_route=%2Fwp%2Fv2%2Ftags&post=76187"}],"curies":[{"name":"wp","href":"https:\/\/api.w.org\/{rel}","templated":true}]}}