{"id":76364,"date":"2023-03-06T15:21:06","date_gmt":"2023-03-06T15:21:06","guid":{"rendered":"https:\/\/haberulus.net\/?p=76364"},"modified":"2023-03-06T15:21:06","modified_gmt":"2023-03-06T15:21:06","slug":"depremde-enkazdan-kendi-cabasiyla-cikan-kerim-alici-yuvaya-dondu","status":"publish","type":"post","link":"https:\/\/haberulus.net\/?p=76364","title":{"rendered":"Depremde enkazdan kendi \u00e7abas\u0131yla \u00e7\u0131kan Kerim Al\u0131c\u0131 yuvaya d\u00f6nd\u00fc"},"content":{"rendered":"<p>Spor Toto 1. Lig ekiplerinden Alt\u0131nordu, transfer d\u00f6neminin kapanmas\u0131na say\u0131l\u0131 saatler kala altyap\u0131s\u0131nda yeti\u015fen ve sonras\u0131nda G\u00f6ztepe, Boluspor ve Hatayspor\u2019da forma giyen Kerim Al\u0131c\u0131\u2019y\u0131 sezon sonuna kadar kiral\u0131k olarak kadrosuna katt\u0131. 25 ya\u015f\u0131ndaki futbolcu,\u00a0Hatayspor\u2019un ya\u015fanan depremden dolay\u0131 ligden \u00e7ekilmesinin ard\u0131ndan sezon sonuna kadar Alt\u0131nordu ile anla\u015fmaya vard\u0131.<\/p>\n<p>Kerim Al\u0131c\u0131, Hatayspor\u2019un 5 \u015eubat\u2019ta i\u00e7 sahadaki Kas\u0131mpa\u015fa ma\u00e7\u0131nda forma giydikten sonra ayn\u0131 gece 7.7 b\u00fcy\u00fckl\u00fc\u011f\u00fcndeki deprem felaketine Antakya\u2019da yakalanm\u0131\u015f, y\u0131k\u0131lan R\u00f6nesans Rezidans\u2019\u0131n enkaz\u0131ndan kendi \u00e7abalar\u0131yla \u00e7\u0131km\u0131\u015ft\u0131.<\/p>\n<p><b>\u201cSEZONU EN \u0130Y\u0130 \u015eEK\u0130LDE TAMAMLAYACA\u011eIZ\u201d<\/b><\/p>\n<p>Ya\u015fanan s\u00fcre\u00e7ten bir an \u00f6nce \u00e7\u0131kmak i\u00e7in birlik ve beraberli\u011fe ihtiya\u00e7 oldu\u011funu dile getiren Kerim Al\u0131c\u0131, \u201c\u00dclkemizin ba\u015f\u0131 sa\u011f olsun. Ya\u015fanan depremde bir\u00e7ok vatanda\u015f\u0131m\u0131z hayat\u0131n\u0131 kaybetti. Yeti\u015fti\u011fim kul\u00fcpte tekrar forma giymeme olanak sa\u011flayan ba\u015fta ba\u015fkan\u0131m\u0131z Seyit Mehmet \u00d6zkan olmak \u00fczere t\u00fcm hocalar\u0131ma te\u015fekk\u00fcr ediyorum. Yeti\u015fti\u011fim Alt\u0131nordu\u2019ya geri d\u00f6nd\u00fcm. Alt\u0131nordumuzun ba\u015far\u0131s\u0131 i\u00e7in elimden geleni yapaca\u011f\u0131m. Sezonu en iyi \u015fekilde tamamlayaca\u011f\u0131z\u201d diye konu\u015ftu.<\/p>\n<p>Alt\u0131nordu\u2019nun kap\u0131s\u0131ndan girdikten sonra ya\u015fad\u0131\u011f\u0131 hisler konusunda gen\u00e7 futbolcu \u015funlar\u0131 dile getirdi: \u201cK\u00fc\u00e7\u00fck bir \u00e7ocuk olarak girdi\u011fim yere y\u0131llar sonra tekrar gelmek. Bazen an\u0131lar\u0131n oldu\u011fu sokaklardan ge\u00e7erken ad\u0131mlar yava\u015flar derler. Ben de ayn\u0131 duygular\u0131 ya\u015f\u0131yorum. \u015eu anda \u00e7ok heyecanl\u0131y\u0131m. Bir an \u00f6nce futbol oynamak istiyorum. Alt\u0131nordu\u2019yu zaten \u00e7ok iyi tan\u0131yorum. Bu sezonu en iyi \u015fekilde tamamlayaca\u011f\u0131z. Mutlu yar\u0131nlar\u0131m\u0131z olur \u0130n\u015fallah.\u201d<\/p>\n","protected":false},"excerpt":{"rendered":"<p>Depreme Hatay&#8217;da yakalanan ve enkaz alt\u0131ndan kendi \u00e7abalar\u0131yla \u00e7\u0131kan Kerim Al\u0131c\u0131, Hatayspor&#8217;un ligden \u00e7ekilmesinin ard\u0131ndan altyap\u0131s\u0131nda yeti\u015fti\u011fi Alt\u0131nordu&#8217;ya geri d\u00f6nd\u00fc.<\/p>\n","protected":false},"author":1,"featured_media":76365,"comment_status":"closed","ping_status":"open","sticky":false,"template":"","format":"standard","meta":{"footnotes":""},"categories":[31],"tags":[3657,201],"class_list":["post-76364","post","type-post","status-publish","format-standard","has-post-thumbnail","hentry","category-spor","tag-altinordu","tag-sezon"],"_links":{"self":[{"href":"https:\/\/haberulus.net\/index.php?rest_route=\/wp\/v2\/posts\/76364","targetHints":{"allow":["GET"]}}],"collection":[{"href":"https:\/\/haberulus.net\/index.php?rest_route=\/wp\/v2\/posts"}],"about":[{"href":"https:\/\/haberulus.net\/index.php?rest_route=\/wp\/v2\/types\/post"}],"author":[{"embeddable":true,"href":"https:\/\/haberulus.net\/index.php?rest_route=\/wp\/v2\/users\/1"}],"replies":[{"embeddable":true,"href":"https:\/\/haberulus.net\/index.php?rest_route=%2Fwp%2Fv2%2Fcomments&post=76364"}],"version-history":[{"count":1,"href":"https:\/\/haberulus.net\/index.php?rest_route=\/wp\/v2\/posts\/76364\/revisions"}],"predecessor-version":[{"id":76366,"href":"https:\/\/haberulus.net\/index.php?rest_route=\/wp\/v2\/posts\/76364\/revisions\/76366"}],"wp:featuredmedia":[{"embeddable":true,"href":"https:\/\/haberulus.net\/index.php?rest_route=\/wp\/v2\/media\/76365"}],"wp:attachment":[{"href":"https:\/\/haberulus.net\/index.php?rest_route=%2Fwp%2Fv2%2Fmedia&parent=76364"}],"wp:term":[{"taxonomy":"category","embeddable":true,"href":"https:\/\/haberulus.net\/index.php?rest_route=%2Fwp%2Fv2%2Fcategories&post=76364"},{"taxonomy":"post_tag","embeddable":true,"href":"https:\/\/haberulus.net\/index.php?rest_route=%2Fwp%2Fv2%2Ftags&post=76364"}],"curies":[{"name":"wp","href":"https:\/\/api.w.org\/{rel}","templated":true}]}}