{"id":76490,"date":"2023-03-07T02:51:04","date_gmt":"2023-03-07T02:51:04","guid":{"rendered":"https:\/\/haberulus.net\/?p=76490"},"modified":"2023-03-07T02:51:04","modified_gmt":"2023-03-07T02:51:04","slug":"ormanlar-imara-aciliyor","status":"publish","type":"post","link":"https:\/\/haberulus.net\/?p=76490","title":{"rendered":"Ormanlar imara a\u00e7\u0131l\u0131yor"},"content":{"rendered":"<p>Se\u00e7imi kazanabilmek i\u00e7in devlete borcunu \u00f6demeyen milyonlarca ki\u015fiye af getiren, \u2018asla olmaz&#8217; dedi\u011fi emeklilikte ya\u015fa tak\u0131lanlar (EYT) d\u00fczenlemesini \u00e7\u0131karan iktidar \u015fimdi de ba\u015fta \u0130stanbul olmak \u00fczere \u015fehir i\u00e7inde ya da kenarlar\u0131nda bulunan \u00f6zel ormanlar\u0131n imara a\u00e7\u0131lmas\u0131 i\u00e7in TBMM&#8217;ye yasa teklifi verdi. AKP milletvekillerinin TBMM kapanmadan apar topar getirdi\u011fi teklifinin yasala\u015fmas\u0131 halinde ba\u015fta \u0130stanbul&#8217;un Polonezk\u00f6y, Sar\u0131yer ve Beykoz ormanlar\u0131 olmak \u00fczere imara a\u00e7\u0131lmas\u0131na izin verilmeyen \u00f6zel stat\u00fcdeki ormanlar kesilerek betona d\u00f6n\u00fc\u015ft\u00fcr\u00fclebilecek. Yasa teklifiyle ayr\u0131ca ormanda kesilecek a\u011fa\u00e7lar\u0131 damgalama yetkisi ilk kez \u00f6zel \u015firketlere verilecek. Ormandan izin verilenin y\u00fczde 10 \u00fczerinde a\u011fa\u00e7 \u00e7\u0131kar\u0131lmas\u0131na da paras\u0131 al\u0131narak g\u00f6z yumulacak.<\/p>\n<p><strong>B\u00d6L-PAR\u00c7ALA Y\u00d6NTEM\u0130<\/strong><\/p>\n<p>Yasa teklifiyle, \u00f6zel stat\u00fcdeki ormanlar \u2018b\u00f6l par\u00e7ala&#8217; y\u00f6ntemiyle imara ve betonla\u015fmaya a\u00e7\u0131lacak. D\u00fczenlemeye g\u00f6re, Osmanl\u0131 d\u00f6neminden bu yana miras ve sat\u0131\u015f yoluyla sahipli\u011fi de\u011fi\u015fen ancak devlet ormanlar\u0131 gibi koruma alt\u0131nda bulunan \u00f6zel ormanlar, 3 hektar\u0131n alt\u0131na d\u00fc\u015f\u00fcr\u00fclerek orman alan\u0131 d\u0131\u015f\u0131na \u00e7\u0131kar\u0131lacak. Mevcut yasaya g\u00f6re k\u00fc\u00e7\u00fck par\u00e7alar halinde dahi olsa bu ormanlar bir b\u00fct\u00fcn say\u0131ld\u0131\u011f\u0131 i\u00e7in imar izni verilmiyor. Anayasa&#8217;ya ayk\u0131r\u0131 oldu\u011fu belirtilen bu y\u00f6ntemle \u00f6rne\u011fin 30 hektarl\u0131k ormanlar 11&#8217;e b\u00f6l\u00fcnecek ve 3 hektar\u0131n alt\u0131na d\u00fc\u015f\u00fcr\u00fclecek.<\/p>\n<p><strong>AVM, REZ\u0130DANS, KONUT<\/strong><\/p>\n<p>B\u00f6ylece ba\u015fta \u0130stanbul&#8217;un nefes alanlar\u0131 olan ormanlar olmak \u00fczere \u00fclke genelinde 15 bin ki\u015finin elinde g\u00f6r\u00fcnen 25 bin 400 hektarl\u0131k orman kesilerek \u00fczerine AVM&#8217;ler, rezidanslar, konutlar, i\u015f merkezleri kurulacak.<\/p>\n<p><b><span>Damgay\u0131 da \u00f6zelle\u015ftiriyorlar<\/span><\/b><\/p>\n<p>\u0130stanbul \u00dcniversitesi emekli \u00d6\u011fretim \u00dcyesi Prof. Do\u011fan Kantarc\u0131, yasa teklifiyle orman talan\u0131n\u0131n yan\u0131 s\u0131ra yanan ormanlar\u0131n imara a\u00e7\u0131lmas\u0131, ormandan y\u00fczde 10 fazla ad\u0131 alt\u0131nda ka\u00e7ak a\u011fa\u00e7 \u00e7\u0131kar\u0131lmas\u0131 ve kesilecek a\u011fa\u00e7lar\u0131n damgalanma i\u015finin \u00f6zelle\u015ftirilmesi gibi dizi Anayasa&#8217;ya ayk\u0131r\u0131 de\u011fi\u015fiklik \u00f6ng\u00f6r\u00fcld\u00fc\u011f\u00fcn\u00fc s\u00f6yledi. Prof. Kantarc\u0131, yanan ormanlar\u0131n 2B ad\u0131 alt\u0131nda imara a\u00e7\u0131laca\u011f\u0131 uyar\u0131s\u0131nda bulunurken kesilecek a\u011fa\u00e7lar\u0131n damgalanma i\u015finin \u00f6zel \u015firketlere verilemeyece\u011fine dikkat \u00e7ekti.<\/p>\n","protected":false},"excerpt":{"rendered":"<p>AKP, \u0130stanbul\u2019un akci\u011feri olan ormanlar ba\u015fta olmak \u00fczere yap\u0131la\u015fma izni verilmeyen t\u00fcm \u00f6zel ormanlar\u0131n imara a\u00e7\u0131lmas\u0131 i\u00e7in yasa teklifi sundu.<\/p>\n","protected":false},"author":1,"featured_media":76491,"comment_status":"closed","ping_status":"open","sticky":false,"template":"","format":"standard","meta":{"footnotes":""},"categories":[25],"tags":[704,539,10915,6692,597],"class_list":["post-76490","post","type-post","status-publish","format-standard","has-post-thumbnail","hentry","category-ekonomi","tag-agac","tag-orman","tag-ormanlar","tag-ormanlari","tag-yasa"],"_links":{"self":[{"href":"https:\/\/haberulus.net\/index.php?rest_route=\/wp\/v2\/posts\/76490","targetHints":{"allow":["GET"]}}],"collection":[{"href":"https:\/\/haberulus.net\/index.php?rest_route=\/wp\/v2\/posts"}],"about":[{"href":"https:\/\/haberulus.net\/index.php?rest_route=\/wp\/v2\/types\/post"}],"author":[{"embeddable":true,"href":"https:\/\/haberulus.net\/index.php?rest_route=\/wp\/v2\/users\/1"}],"replies":[{"embeddable":true,"href":"https:\/\/haberulus.net\/index.php?rest_route=%2Fwp%2Fv2%2Fcomments&post=76490"}],"version-history":[{"count":1,"href":"https:\/\/haberulus.net\/index.php?rest_route=\/wp\/v2\/posts\/76490\/revisions"}],"predecessor-version":[{"id":76492,"href":"https:\/\/haberulus.net\/index.php?rest_route=\/wp\/v2\/posts\/76490\/revisions\/76492"}],"wp:featuredmedia":[{"embeddable":true,"href":"https:\/\/haberulus.net\/index.php?rest_route=\/wp\/v2\/media\/76491"}],"wp:attachment":[{"href":"https:\/\/haberulus.net\/index.php?rest_route=%2Fwp%2Fv2%2Fmedia&parent=76490"}],"wp:term":[{"taxonomy":"category","embeddable":true,"href":"https:\/\/haberulus.net\/index.php?rest_route=%2Fwp%2Fv2%2Fcategories&post=76490"},{"taxonomy":"post_tag","embeddable":true,"href":"https:\/\/haberulus.net\/index.php?rest_route=%2Fwp%2Fv2%2Ftags&post=76490"}],"curies":[{"name":"wp","href":"https:\/\/api.w.org\/{rel}","templated":true}]}}