{"id":7661,"date":"2022-07-14T12:36:05","date_gmt":"2022-07-14T12:36:05","guid":{"rendered":"https:\/\/haberulus.net\/?p=7661"},"modified":"2022-07-14T12:36:05","modified_gmt":"2022-07-14T12:36:05","slug":"brics-baskani-acikladi-turkiyenin-en-kisa-zamanda-uye-olmasini-umuyoruz","status":"publish","type":"post","link":"https:\/\/haberulus.net\/?p=7661","title":{"rendered":"BRICS ba\u015fkan\u0131 a\u00e7\u0131klad\u0131: T\u00fcrkiye\u2019nin en k\u0131sa zamanda \u00fcye olmas\u0131n\u0131 umuyoruz"},"content":{"rendered":"<p><b>Son y\u0131llarda Avrupa Birli\u011fi\u2019ne \u00fcyelik s\u00fcreci h\u0131zla yava\u015flayan T\u00fcrkiye\u2019nin farkl\u0131 bir ittifaka dahil olmas\u0131 g\u00fcndemde. D\u00fcnya ekonomisinde giderek a\u011f\u0131rl\u0131\u011f\u0131n\u0131 art\u0131ran 5 \u00fclkeden olu\u015fan BRICS\u00a0\u00f6rg\u00fct\u00fcn\u00fcn ba\u015fkan\u0131, T\u00fcrkiye\u2019nin en k\u0131sa s\u00fcrede ittifaka dahil olmas\u0131n\u0131 umduklar\u0131n\u0131 belirtti. Cumhurba\u015fkan\u0131 Erdo\u011fan\u2019\u0131n 2018\u2019de BRICS&#8217;in zirvesine kat\u0131lmas\u0131 dikkat \u00e7ekmi\u015fti.<\/b><\/p>\n<p>D\u00fcnyada etkisini ve a\u011f\u0131rl\u0131\u011f\u0131n\u0131 giderek art\u0131ran BRICS \u00f6rg\u00fct\u00fcn\u00fcn ba\u015fkan\u0131, T\u00fcrkiye&#8217;nin en k\u0131sa zamanda ittifaka dahil olmas\u0131n\u0131 istediklerini a\u00e7\u0131klad\u0131.<\/p>\n<p>\u00d6rg\u00fct\u00fcn i\u015fleyi\u015finden sorumlu BRICS Uluslararas\u0131 Forumu Ba\u015fkan\u0131 Purnima Anand, Rus \u0130zvestiya gazetesine yapt\u0131\u011f\u0131 a\u00e7\u0131klamada, T\u00fcrkiye, M\u0131s\u0131r ve Suudi Arabistan&#8217;\u0131n \u00f6rg\u00fcte biran \u00f6nce kat\u0131lmas\u0131n\u0131 istediklerini ifade etti. Anand, \u00fc\u00e7 \u00fclkenin olas\u0131 \u00fcyeli\u011finin ge\u00e7en ay online olarak d\u00fczenlenen 14. BRICS Zirvesi&#8217;nde \u00c7in, Rusya ve Hindistan yetkililerinin g\u00f6r\u00fc\u015fmelerinde ele al\u0131nd\u0131\u011f\u0131n\u0131 belirterek \u201cBu \u00fclkeler kat\u0131lma konusundaki isteklerini ortaya koydu ve \u00fcyelik ba\u015fvurusuna haz\u0131rlan\u0131yor. Bence bu \u00e7ok iyi bir ad\u0131m \u00e7\u00fcnk\u00fc geni\u015fleme her zaman olumludur. Bu, BRICS&#8217;in d\u00fcnyadaki etkisini ku\u015fkusuz art\u0131racak\u201d dedi.<\/p>\n<p>Arjantin ve \u0130ran&#8217;\u0131n da ge\u00e7en ay yapt\u0131klar\u0131 \u00fcyelik ba\u015fvurusunu hat\u0131rlatan ve ittifak\u0131n son d\u00f6nemde geni\u015flemeye s\u0131cak bakt\u0131\u011f\u0131n\u0131 kaydeden Anand, T\u00fcrkiye ve di\u011fer \u00fclkelerin \u00fcyelik s\u00fcrecinin h\u0131zla tamamlanaca\u011f\u0131n\u0131 s\u00f6yledi.<\/p>\n<div><img decoding=\"async\" src=\"https:\/\/i01.sozcucdn.com\/wp-content\/uploads\/2022\/07\/14\/brics-reuters-660x445.jpg\" alt=\"\" title=\"\"><\/p>\n<p>BRICS \u00fcyesi \u00fclkelerin liderleri<\/p>\n<\/div>\n<p><strong>K\u00dcRESEL JEOPOL\u0130T\u0130\u011e\u0130N MERKEZ\u0130 ASYA-PAS\u0130F\u0130K\u2019E KAYIYOR<\/strong><\/p>\n<p>2009&#8217;da kurulan ve Brezilya, Rusya, Hindistan, \u00c7in ve G\u00fcney Afrika Cumhuriyeti&#8217;nin \u00fcye oldu\u011fu BRICS, be\u015f \u00fclkenin h\u0131zla geli\u015fen ekonomilere sahip olmas\u0131 nedeniyle d\u00fcnyan\u0131n yak\u0131ndan takip etti\u011fi bir olu\u015fum. D\u00fcnya ekonomisinin \u00f6nemli bir b\u00f6l\u00fcm\u00fcn\u00fc olu\u015fturan ve d\u00fcnya n\u00fcfusunun yar\u0131s\u0131na sahip olan BRICS \u00fclkeleri, ikili ili\u015fkilerde e\u015fitlik, kar\u015f\u0131l\u0131kl\u0131 olarak devlet i\u015flerine kar\u0131\u015fmama ve ortak fayda ilkeleri \u00fczerine kurulu bir \u00f6rg\u00fct olarak tan\u0131mlan\u0131yor.<\/p>\n<p>\u00d6rg\u00fct baz\u0131 kesimler taraf\u0131ndan ABD ve Avrupa\u2019ya kar\u015f\u0131 bir g\u00fc\u00e7 olarak da g\u00f6r\u00fcl\u00fcyor.<\/p>\n<p>Son y\u0131llarda Avrupa Birli\u011fi&#8217;ne \u00fcyelik s\u00fcreci h\u0131zla yava\u015flayan T\u00fcrkiye&#8217;nin BRICS&#8217;e olas\u0131 \u00fcyeli\u011fi daha \u00f6nce de g\u00fcndeme gelmi\u015fti. Bir\u00e7ok siyasi uzman, k\u00fcresel jeopoliti\u011fin merkezinin Bat\u0131&#8217;dan\u00a0Asya-Pasifik b\u00f6lgesine kaymas\u0131yla T\u00fcrkiye gibi geli\u015fmekte olan \u00fclkeler a\u00e7\u0131s\u0131ndan BRICS&#8217;in ekonomik i\u015fbirli\u011fi olanaklar\u0131n\u0131 art\u0131rd\u0131\u011f\u0131na dikkat \u00e7ekiyor.<\/p>\n<p>Cumhurba\u015fkan\u0131 Recep Tayyip Erdo\u011fan\u2019\u0131n 2018 y\u0131l\u0131nda Johannesburg&#8217;daki BRICS zirvesine \u00f6zel davetle kat\u0131lmas\u0131 dikkat \u00e7ekmi\u015fti. Erdo\u011fan zirvenin aile foto\u011fraf\u0131 \u00e7ekiminde de yer alm\u0131\u015ft\u0131.<\/p>\n","protected":false},"excerpt":{"rendered":"<p>Son y\u0131llarda Avrupa Birli\u011fi\u2019ne \u00fcyelik s\u00fcreci h\u0131zla yava\u015flayan T\u00fcrkiye\u2019nin farkl\u0131 bir ittifaka dahil olmas\u0131 g\u00fcndemde. D\u00fcnya ekonomisinde giderek &#8230;<\/p>\n","protected":false},"author":1,"featured_media":7662,"comment_status":"open","ping_status":"open","sticky":false,"template":"","format":"standard","meta":{"footnotes":""},"categories":[24],"tags":[2438,141,88,15,2093],"class_list":["post-7661","post","type-post","status-publish","format-standard","has-post-thumbnail","hentry","category-dunya","tag-brics","tag-dunya","tag-orgut","tag-turkiye","tag-ulkeler"],"_links":{"self":[{"href":"https:\/\/haberulus.net\/index.php?rest_route=\/wp\/v2\/posts\/7661","targetHints":{"allow":["GET"]}}],"collection":[{"href":"https:\/\/haberulus.net\/index.php?rest_route=\/wp\/v2\/posts"}],"about":[{"href":"https:\/\/haberulus.net\/index.php?rest_route=\/wp\/v2\/types\/post"}],"author":[{"embeddable":true,"href":"https:\/\/haberulus.net\/index.php?rest_route=\/wp\/v2\/users\/1"}],"replies":[{"embeddable":true,"href":"https:\/\/haberulus.net\/index.php?rest_route=%2Fwp%2Fv2%2Fcomments&post=7661"}],"version-history":[{"count":1,"href":"https:\/\/haberulus.net\/index.php?rest_route=\/wp\/v2\/posts\/7661\/revisions"}],"predecessor-version":[{"id":7663,"href":"https:\/\/haberulus.net\/index.php?rest_route=\/wp\/v2\/posts\/7661\/revisions\/7663"}],"wp:featuredmedia":[{"embeddable":true,"href":"https:\/\/haberulus.net\/index.php?rest_route=\/wp\/v2\/media\/7662"}],"wp:attachment":[{"href":"https:\/\/haberulus.net\/index.php?rest_route=%2Fwp%2Fv2%2Fmedia&parent=7661"}],"wp:term":[{"taxonomy":"category","embeddable":true,"href":"https:\/\/haberulus.net\/index.php?rest_route=%2Fwp%2Fv2%2Fcategories&post=7661"},{"taxonomy":"post_tag","embeddable":true,"href":"https:\/\/haberulus.net\/index.php?rest_route=%2Fwp%2Fv2%2Ftags&post=7661"}],"curies":[{"name":"wp","href":"https:\/\/api.w.org\/{rel}","templated":true}]}}