{"id":76644,"date":"2023-03-07T08:51:05","date_gmt":"2023-03-07T08:51:05","guid":{"rendered":"https:\/\/haberulus.net\/?p=76644"},"modified":"2023-03-07T08:51:05","modified_gmt":"2023-03-07T08:51:05","slug":"tac-giyme-torenine-prens-harry-ve-meghan-markle-da-davet-edildi","status":"publish","type":"post","link":"https:\/\/haberulus.net\/?p=76644","title":{"rendered":"Ta\u00e7 giyme t\u00f6renine Prens Harry ve Meghan Markle da davet edildi"},"content":{"rendered":"<p>Kraliyet Ailesi\u2019nde skandallara imza atan Prens Harry ve Meghan Markle, Krali\u00e7e\u2019nin \u00f6l\u00fcm\u00fcnden ve Prens\u2019in \u00e7\u0131kard\u0131\u011f\u0131 \u201cSpare\u201d isimli kitaptan sonra daha \u00e7ok dikkat \u00e7ekti. \u00c7iftin Netflix i\u00e7in haz\u0131rlad\u0131\u011f\u0131 programdaki iddialar\u0131 da gerilimi art\u0131r\u0131rken Kral\u2019\u0131n ta\u00e7 giyme t\u00f6renine davet edilip edilmeyecekleri merak konusu oldu.<\/p>\n<p>Yerel bas\u0131nda \u00e7\u0131kan haberlere g\u00f6re Prens Harry ve Meghan Markle, 6 May\u0131s\u2019ta Kral 3. Charles\u2019\u0131n ta\u00e7 giyme t\u00f6renine davet edildi. \u015eimdi de \u00e7iftin bu daveti kabul edip etmeyecekleri tart\u0131\u015f\u0131l\u0131yor.<\/p>\n<p>\u00c7iftin s\u00f6zc\u00fcs\u00fc de t\u00f6renle ilgili bir e-posta ald\u0131klar\u0131n\u0131 do\u011frulad\u0131: \u201cD\u00fck ve D\u00fc\u015fes\u2019in kat\u0131l\u0131p kat\u0131lmayaca\u011f\u0131na ili\u015fkin bir karar \u015fu anda taraf\u0131m\u0131zdan a\u00e7\u0131klanmayacakt\u0131r.\u201d<\/p>\n<p>\u00c7iftin \u0130ngiltere\u2019de nerede kalaca\u011f\u0131, \u00e7ocuklar\u0131 getirip getirmeyecekleri, Prens Harry\u2019nin t\u00f6rende herhangi bir rol\u00fc olup olmayaca\u011f\u0131 ve etkinlik s\u0131ras\u0131nda nerede oturacaklar\u0131n\u0131n ilerleyen g\u00fcnlerde s\u0131k s\u0131k g\u00fcndeme gelmesi bekleniyor.<\/p>\n","protected":false},"excerpt":{"rendered":"<p>Kral 3. Charles&#8217;\u0131n ta\u00e7 giyme t\u00f6renine davet edilip edilmeyecekleri merakla beklenen Sussex \u00e7iftinin de davetli listesinde oldu\u011fu ortaya \u00e7\u0131kt\u0131. \u015eimdi de Meghan Markle ve Prens Harry&#8217;nin bu \u00f6zel t\u00f6rene kat\u0131l\u0131p kat\u0131lmayaca\u011f\u0131 tart\u0131\u015f\u0131l\u0131yor.<\/p>\n","protected":false},"author":1,"featured_media":76645,"comment_status":"closed","ping_status":"open","sticky":false,"template":"","format":"standard","meta":{"footnotes":""},"categories":[33],"tags":[],"class_list":["post-76644","post","type-post","status-publish","format-standard","has-post-thumbnail","hentry","category-yasam"],"_links":{"self":[{"href":"https:\/\/haberulus.net\/index.php?rest_route=\/wp\/v2\/posts\/76644","targetHints":{"allow":["GET"]}}],"collection":[{"href":"https:\/\/haberulus.net\/index.php?rest_route=\/wp\/v2\/posts"}],"about":[{"href":"https:\/\/haberulus.net\/index.php?rest_route=\/wp\/v2\/types\/post"}],"author":[{"embeddable":true,"href":"https:\/\/haberulus.net\/index.php?rest_route=\/wp\/v2\/users\/1"}],"replies":[{"embeddable":true,"href":"https:\/\/haberulus.net\/index.php?rest_route=%2Fwp%2Fv2%2Fcomments&post=76644"}],"version-history":[{"count":1,"href":"https:\/\/haberulus.net\/index.php?rest_route=\/wp\/v2\/posts\/76644\/revisions"}],"predecessor-version":[{"id":76646,"href":"https:\/\/haberulus.net\/index.php?rest_route=\/wp\/v2\/posts\/76644\/revisions\/76646"}],"wp:featuredmedia":[{"embeddable":true,"href":"https:\/\/haberulus.net\/index.php?rest_route=\/wp\/v2\/media\/76645"}],"wp:attachment":[{"href":"https:\/\/haberulus.net\/index.php?rest_route=%2Fwp%2Fv2%2Fmedia&parent=76644"}],"wp:term":[{"taxonomy":"category","embeddable":true,"href":"https:\/\/haberulus.net\/index.php?rest_route=%2Fwp%2Fv2%2Fcategories&post=76644"},{"taxonomy":"post_tag","embeddable":true,"href":"https:\/\/haberulus.net\/index.php?rest_route=%2Fwp%2Fv2%2Ftags&post=76644"}],"curies":[{"name":"wp","href":"https:\/\/api.w.org\/{rel}","templated":true}]}}