{"id":76723,"date":"2023-03-07T09:51:11","date_gmt":"2023-03-07T09:51:11","guid":{"rendered":"https:\/\/haberulus.net\/?p=76723"},"modified":"2023-03-07T09:51:11","modified_gmt":"2023-03-07T09:51:11","slug":"muzesinin-en-kiymetli-paralarini-satisa-cikardi","status":"publish","type":"post","link":"https:\/\/haberulus.net\/?p=76723","title":{"rendered":"M\u00fczesinin en k\u0131ymetli paralar\u0131n\u0131 sat\u0131\u015fa \u00e7\u0131kard\u0131"},"content":{"rendered":"<p>Esat Kaplan uzun y\u0131llar ya\u015fad\u0131\u011f\u0131 Hollanda\u2019dan 22 y\u0131l \u00f6nce T\u00fcrkiye\u2019ye d\u00f6n\u00fc\u015f yapt\u0131. Hollanda\u2019da ba\u015flad\u0131\u011f\u0131 para koleksiyonuna memleketinde de devam eden Kaplan, 33 y\u0131lda biriktirdi\u011fi 200 \u00fclkeye ait banknot ve madeni paralar\u0131 kurdu\u011fu Devr-i Alem Para M\u00fczesi\u2019nde sergilemeye ba\u015flad\u0131.<\/p>\n<p>Roma, Bizans, Emeviler, Abbasiler, Sel\u00e7uklu ve Osmanl\u0131 d\u00f6nemine ait para ve sikkelerin de bulundu\u011fu 4 ton a\u011f\u0131rl\u0131\u011f\u0131nda koleksiyona sahip olan Esat Kaplan, Cumhuriyet d\u00f6neminin ilk y\u0131llar\u0131na ait 13 paray\u0131 depremzedeler\u00a0i\u00e7in 300 bin liraya sat\u0131\u015fa \u00e7\u0131kard\u0131.<br \/><img decoding=\"async\" src=\"https:\/\/i01.sozcucdn.com\/wp-content\/uploads\/2023\/03\/07\/para2.1_22528627.jpg\" alt=\"\" title=\"\"><\/p>\n<p>Kaplan bu paralar\u0131, 300 bin liray\u0131 AFAD koordinesinde gerekli yerlere ula\u015ft\u0131ran ba\u011f\u0131\u015f\u00e7\u0131ya verece\u011fini anlatt\u0131. Kaplan, \u015f\u00f6yle konu\u015ftu:<\/p>\n<p>\u201dDepremin etkiledi\u011fi t\u00fcm il ve il\u00e7eleri g\u00f6rd\u00fck. Herkesin el ele verip bu yaralar\u0131 sarmas\u0131 gerekiyor. Biz de koleksiyonumuzda bir set olu\u015fturduk. 300 bin lira de\u011ferinde bir set. Bunu almak isteyen bir i\u015f insan\u0131, STK, bir \u015firket, kim olursa bunun de\u011ferini depremzedeler i\u00e7in ba\u011f\u0131\u015flas\u0131n ve ba\u011f\u0131\u015f makbuzunu bize getirirse biz de koleksiyonumuzun bu sunum setini kendisine verelim.\u201d<\/p>\n<p><img decoding=\"async\" src=\"https:\/\/i01.sozcucdn.com\/wp-content\/uploads\/2023\/03\/07\/para3.1_22528624.jpg\" alt=\"\" title=\"\"><\/p>\n<p>\u201cSetimizde \u0130smet Pa\u015fa\u2019n\u0131n paralar\u0131 var. Yine bu sette mor binli\u011fimiz var. F\u0131nd\u0131k toplayan k\u0131zlar\u0131m\u0131z var. Edirne Meri\u00e7 Nehri \u00fczerindeki 10 liram\u0131z var. Koleksiyonumuzda Cumhuriyet\u2019in \u00f6nemli paralar\u0131 var. Biz bu i\u015fin maddi de\u011ferinden \u00e7ok manevi de\u011ferindeyiz. Maddi olarak her \u015fey yap\u0131labilir ancak maneviyat\u0131n daha b\u00fcy\u00fck \u00f6neme sahip oldu\u011funu d\u00fc\u015f\u00fcn\u00fcyorum. \u0130stiyoruz ki herkes benim gibi elini ta\u015f\u0131n alt\u0131na koysun.\u201d<\/p>\n<p><img decoding=\"async\" src=\"https:\/\/i01.sozcucdn.com\/wp-content\/uploads\/2023\/03\/07\/para4.1_22528623.jpg\" alt=\"\" title=\"\"><\/p>\n<p>\u201cG\u00f6nl\u00fcm\u00fczden kopan\u0131, elimizde var olan\u0131 vermek istiyoruz. Vicdan\u0131 olan t\u00fcm insanlar\u0131n bu konuda duyarl\u0131l\u0131k g\u00f6stermesi gerekti\u011fine inan\u0131yorum. \u015eunu da belirtmek isterim ki biz burada bunu satal\u0131m yard\u0131m edelim demiyoruz. Alacak bir ki\u015fi var ise bizimle ileti\u015fime ge\u00e7sin. AFAD\u2019\u0131n koordinesinde belirlenen yere paray\u0131 ba\u011f\u0131\u015flas\u0131n. Dekontu bize getirsin yeterli. Para istemiyorum, dekont g\u00f6reyim yeterli.\u201d (DHA)<\/p>\n","protected":false},"excerpt":{"rendered":"<p>Gaziantep&#8217;te para koleksiyoneri Esat Kaplan, Devr-i Alem Para M\u00fczesi&#8217;ndeki en de\u011ferli Cumhuriyet d\u00f6neminin ilk y\u0131llar\u0131na ait 13 paray\u0131, depremzedelere yard\u0131m ama\u00e7l\u0131 300 bin liraya sat\u0131\u015fa \u00e7\u0131kard\u0131.<\/p>\n","protected":false},"author":1,"featured_media":76724,"comment_status":"closed","ping_status":"open","sticky":false,"template":"","format":"standard","meta":{"footnotes":""},"categories":[33],"tags":[2278,215,2772,10564],"class_list":["post-76723","post","type-post","status-publish","format-standard","has-post-thumbnail","hentry","category-yasam","tag-kaplan","tag-para","tag-set","tag-var"],"_links":{"self":[{"href":"https:\/\/haberulus.net\/index.php?rest_route=\/wp\/v2\/posts\/76723","targetHints":{"allow":["GET"]}}],"collection":[{"href":"https:\/\/haberulus.net\/index.php?rest_route=\/wp\/v2\/posts"}],"about":[{"href":"https:\/\/haberulus.net\/index.php?rest_route=\/wp\/v2\/types\/post"}],"author":[{"embeddable":true,"href":"https:\/\/haberulus.net\/index.php?rest_route=\/wp\/v2\/users\/1"}],"replies":[{"embeddable":true,"href":"https:\/\/haberulus.net\/index.php?rest_route=%2Fwp%2Fv2%2Fcomments&post=76723"}],"version-history":[{"count":1,"href":"https:\/\/haberulus.net\/index.php?rest_route=\/wp\/v2\/posts\/76723\/revisions"}],"predecessor-version":[{"id":76725,"href":"https:\/\/haberulus.net\/index.php?rest_route=\/wp\/v2\/posts\/76723\/revisions\/76725"}],"wp:featuredmedia":[{"embeddable":true,"href":"https:\/\/haberulus.net\/index.php?rest_route=\/wp\/v2\/media\/76724"}],"wp:attachment":[{"href":"https:\/\/haberulus.net\/index.php?rest_route=%2Fwp%2Fv2%2Fmedia&parent=76723"}],"wp:term":[{"taxonomy":"category","embeddable":true,"href":"https:\/\/haberulus.net\/index.php?rest_route=%2Fwp%2Fv2%2Fcategories&post=76723"},{"taxonomy":"post_tag","embeddable":true,"href":"https:\/\/haberulus.net\/index.php?rest_route=%2Fwp%2Fv2%2Ftags&post=76723"}],"curies":[{"name":"wp","href":"https:\/\/api.w.org\/{rel}","templated":true}]}}