{"id":76985,"date":"2023-03-07T15:49:03","date_gmt":"2023-03-07T15:49:03","guid":{"rendered":"https:\/\/haberulus.net\/?p=76985"},"modified":"2023-03-07T15:49:03","modified_gmt":"2023-03-07T15:49:03","slug":"kilicdaroglu-secim-surecinde-chp-genel-baskanligi-gorevini-surdurecek","status":"publish","type":"post","link":"https:\/\/haberulus.net\/?p=76985","title":{"rendered":"K\u0131l\u0131\u00e7daro\u011flu, se\u00e7im s\u00fcrecinde CHP Genel Ba\u015fkanl\u0131\u011f\u0131 g\u00f6revini s\u00fcrd\u00fcrecek"},"content":{"rendered":"<p>Partisinin grup toplant\u0131s\u0131nda konu\u015fan CHP lideri K\u0131l\u0131\u00e7daro\u011flu, veda mesaj\u0131 verdi. Millet \u0130ttifak\u0131&#8217;n\u0131n Cumhurba\u015fkan\u0131 aday\u0131 olan K\u0131l\u0131\u00e7daro\u011flu, &#8220;Bug\u00fcn bu k\u00fcrs\u00fcye veda etmek i\u00e7in buraday\u0131m&#8221; dedi. <\/p>\n<p><b>AK\u015eENER&#8217;E MESAJ G\u00d6NDERD\u0130 <\/b><\/p>\n<p>Aday belirleme s\u00fcrecinde anla\u015fmazl\u0131k ya\u015fad\u0131\u011f\u0131 Meral Ak\u015fener&#8217;e de bir mesaj yollayan K\u0131l\u0131\u00e7daro\u011flu, &#8220;Arada bir \u00fclk\u00fcc\u00fc damar\u0131 tutar, bunu da gayet iyi biliyorum&#8221; diye konu\u015ftu.<\/p>\n<p><b>GENEL BA\u015eKANLI\u011eI BIRAKACAK MI? <\/b><\/p>\n<p>Parti grubundaki konu\u015fmas\u0131 sonras\u0131 parlamento muhabiriyle makam\u0131nda bir araya gelen K\u0131l\u0131\u00e7daro\u011flu, &#8220;K\u00fcrs\u00fcye veda ettiniz, cumhurba\u015fkan\u0131 adayl\u0131\u011f\u0131 s\u00fcrecinde genel ba\u015fkanl\u0131\u011f\u0131 s\u00fcrd\u00fcrecek misiniz?&#8221; sorusuna &#8220;Evet&#8221; yan\u0131t\u0131n\u0131 verdi.<\/p>\n<p><b>&#8220;KAR\u015eILIKLI G\u00dcVEN\u0130 \u0130N\u015eA ETMEK GEREK\u0130YOR&#8221;<\/b><\/p>\n<p>Siyaset kurumu ile vatanda\u015f aras\u0131nda g\u00fcvensizlik olu\u015ftu\u011funu, zamanla bunun son bulmas\u0131 gerekti\u011fini belirten K\u0131l\u0131\u00e7daro\u011flu, s\u00f6zlerini \u015f\u00f6yle s\u00fcrd\u00fcrd\u00fc: &#8220;\u0130yi bir \u00e7aba, iyi bir emekle sorunlar\u0131n t\u00fcm\u00fc \u00e7\u00f6z\u00fclebilir. G\u00fcven vermek gerekiyor. Toplum \u00e7ok ayr\u0131\u015ft\u0131. Bu atmosferden \u00e7\u0131karmak gerekiyor. Kar\u015f\u0131l\u0131kl\u0131 g\u00fcveni in\u015fa etmek gerekiyor. Siyaset\u00e7inin halk\u0131na, halk\u0131n da siyaset\u00e7iye g\u00fcvenmesi laz\u0131m. Etik de\u011ferleri g\u00fc\u00e7l\u00fc olan bir siyaset anlay\u0131\u015f\u0131, ahlaki de\u011ferleri g\u00fc\u00e7l\u00fc olan bir siyaset anlay\u0131\u015f\u0131n\u0131n T\u00fcrkiye&#8217;ye gelmesi gerekiyor.&#8221;<\/p>\n<p><b>6&#8217;LI MASA&#8217;DAK\u0130 TARTI\u015eMALAR <\/b><\/p>\n<p>K\u0131l\u0131\u00e7daro\u011flu, 6&#8217;l\u0131 Masa&#8217;da ya\u015fanan soruna ili\u015fkin y\u00f6neltilen soruya ise &#8220;Elbette ki tart\u0131\u015fmalar do\u011fald\u0131r. Tart\u0131\u015fma olmayan bir yerde hayat olmaz. Tart\u0131\u015fmalar olacak. B\u00fct\u00fcn mesele tart\u0131\u015fmalardan sonra tokala\u015fmas\u0131n\u0131 bilmektir. Sorunu \u00e7\u00f6z\u00fcyorsan\u0131z, bir sorun kalm\u0131yor&#8221; yan\u0131t\u0131n\u0131 verdi.<\/p>\n<p><b>&#8220;KO\u015eULLARIN B\u0130R AN EVVEL \u0130Y\u0130LE\u015eT\u0130R\u0130LMES\u0130 LAZIM&#8221;<\/b><\/p>\n<p>Deprem b\u00f6lgesinde \u00e7ad\u0131r, su ve yer sorunlar\u0131n\u0131n s\u00fcrd\u00fc\u011f\u00fcn\u00fc; kad\u0131nlar\u0131n ve erkeklerin kendilerine \u00f6zg\u00fc sorunlar\u0131 oldu\u011funu belirten K\u0131l\u0131\u00e7daro\u011flu, &#8220;Hala ko\u015fullar \u00e7ok iyi de\u011fil. Ko\u015fullar\u0131n bir an \u00f6nce iyile\u015ftirilmesi laz\u0131m. Onlara bakmak gerekiyor. Sonu\u00e7ta depremzedelerin sorunlar\u0131n\u0131n dillendirildi\u011fi bir ortam olmas\u0131 gerekiyor. Benim g\u00f6revim de o sorunlar\u0131 dillendirmek&#8221; dedi.<\/p>\n<p><b>&#8220;PEK \u00c7OK ALANDA SORUN VAR&#8221;<\/b><\/p>\n<p>Siyasal iktidar\u0131n g\u00f6revinin bu sorunlara \u00e7\u00f6z\u00fcm \u00fcretmek oldu\u011funu ancak \u015fu ana kadar sa\u011fl\u0131kl\u0131 bir \u00e7\u00f6z\u00fcm\u00fcn \u00fcretildi\u011fini g\u00f6rmediklerini vurgulayan K\u0131l\u0131\u00e7daro\u011flu, &#8220;\u00c7ad\u0131rdan tutun m\u00fcdahaleye kadar pek \u00e7ok alanda sorun var. Bir e\u015f g\u00fcd\u00fcm eksikli\u011fi var, koordinasyon yok&#8221; diye konu\u015ftu.<\/p>\n<p><b>&#8220;SANDIK G\u00dcVENL\u0130\u011e\u0130 SA\u011eLANIR ORADA&#8221;<\/b><\/p>\n<p>CHP lideri, &#8220;Deprem b\u00f6lgesinde se\u00e7imin sa\u011fl\u0131kl\u0131 ger\u00e7ekle\u015ftirilebilece\u011fine dair bir endi\u015feniz var m\u0131?&#8221; sorusuna, &#8220;Hay\u0131r. Sand\u0131k g\u00fcvenli\u011fi sa\u011flan\u0131r orada. Her partinin temsilcisi olacak. Hay\u0131r bir endi\u015fe ta\u015f\u0131m\u0131yoruz&#8221; yan\u0131t\u0131n\u0131 verdi.<\/p>\n<p>K\u0131l\u0131\u00e7daro\u011flu&#8217;nun, &#8220;Cumhur \u0130ttifak\u0131 \u00fcyelerinden ald\u0131n\u0131z m\u0131 tebrik telefonu?&#8221; sorusuna yan\u0131t\u0131 ise &#8220;Hay\u0131r&#8221; oldu.<\/p>\n","protected":false},"excerpt":{"rendered":"<p>Millet \u0130ttifak\u0131&#8217;n\u0131n ortak cumhurba\u015fkan\u0131 aday\u0131 CHP Genel Ba\u015fkan\u0131 Kemal K\u0131l\u0131\u00e7daro\u011flu, partisinin grup toplant\u0131s\u0131 sonras\u0131 bir grup parlamento muhabiriyle makam\u0131nda bir araya geldi. Gazetecilerin sorular\u0131n\u0131 yan\u0131tlayan K\u0131l\u0131\u00e7daro\u011flu, &#8220;K\u00fcrs\u00fcye veda ettiniz, cumhurba\u015fkan\u0131 adayl\u0131\u011f\u0131 s\u00fcrecinde genel ba\u015fkanl\u0131\u011f\u0131 s\u00fcrd\u00fcrecek misiniz?&#8221; sorusuna &#8220;Evet&#8221; yan\u0131t\u0131n\u0131 verdi.<\/p>\n","protected":false},"author":1,"featured_media":76986,"comment_status":"closed","ping_status":"open","sticky":false,"template":"","format":"standard","meta":{"footnotes":""},"categories":[28],"tags":[1520,1496,4069,3202,1171],"class_list":["post-76985","post","type-post","status-publish","format-standard","has-post-thumbnail","hentry","category-politika","tag-guven","tag-kilicdaroglu","tag-siyaset","tag-sorun","tag-tartisma"],"_links":{"self":[{"href":"https:\/\/haberulus.net\/index.php?rest_route=\/wp\/v2\/posts\/76985","targetHints":{"allow":["GET"]}}],"collection":[{"href":"https:\/\/haberulus.net\/index.php?rest_route=\/wp\/v2\/posts"}],"about":[{"href":"https:\/\/haberulus.net\/index.php?rest_route=\/wp\/v2\/types\/post"}],"author":[{"embeddable":true,"href":"https:\/\/haberulus.net\/index.php?rest_route=\/wp\/v2\/users\/1"}],"replies":[{"embeddable":true,"href":"https:\/\/haberulus.net\/index.php?rest_route=%2Fwp%2Fv2%2Fcomments&post=76985"}],"version-history":[{"count":1,"href":"https:\/\/haberulus.net\/index.php?rest_route=\/wp\/v2\/posts\/76985\/revisions"}],"predecessor-version":[{"id":76987,"href":"https:\/\/haberulus.net\/index.php?rest_route=\/wp\/v2\/posts\/76985\/revisions\/76987"}],"wp:featuredmedia":[{"embeddable":true,"href":"https:\/\/haberulus.net\/index.php?rest_route=\/wp\/v2\/media\/76986"}],"wp:attachment":[{"href":"https:\/\/haberulus.net\/index.php?rest_route=%2Fwp%2Fv2%2Fmedia&parent=76985"}],"wp:term":[{"taxonomy":"category","embeddable":true,"href":"https:\/\/haberulus.net\/index.php?rest_route=%2Fwp%2Fv2%2Fcategories&post=76985"},{"taxonomy":"post_tag","embeddable":true,"href":"https:\/\/haberulus.net\/index.php?rest_route=%2Fwp%2Fv2%2Ftags&post=76985"}],"curies":[{"name":"wp","href":"https:\/\/api.w.org\/{rel}","templated":true}]}}