{"id":77131,"date":"2023-03-07T22:35:04","date_gmt":"2023-03-07T22:35:04","guid":{"rendered":"https:\/\/haberulus.net\/?p=77131"},"modified":"2023-03-07T22:35:04","modified_gmt":"2023-03-07T22:35:04","slug":"ingilterenin-gocmen-plani-bmyi-harekete-gecirdi","status":"publish","type":"post","link":"https:\/\/haberulus.net\/?p=77131","title":{"rendered":"\u0130ngiltere\u2019nin g\u00f6\u00e7men plan\u0131 BM\u2019yi harekete ge\u00e7irdi"},"content":{"rendered":"<p>Birle\u015fmi\u015f Milletler M\u00fclteciler Y\u00fcksek Komiserli\u011finden (UNHCR) yap\u0131lan yaz\u0131l\u0131 a\u00e7\u0131klamada, mevcut haliyle tasar\u0131n\u0131n, \u0130\u00e7i\u015fleri Bakanl\u0131\u011f\u0131n\u0131, d\u00fczensiz g\u00f6\u00e7menlerin \u0130ngiltere iltica sistemine eri\u015fimini engellemeye zorlad\u0131\u011f\u0131 belirtildi.<\/p>\n<p>A\u00e7\u0131klamada, \u201cBu s\u0131\u011f\u0131nmac\u0131lara koruma sa\u011flamak yerine, ba\u015fka bir \u00fclkeye g\u00f6nderilmeleri i\u00e7in d\u00fczenlemeler yap\u0131l\u0131rken, \u0130ngiltere\u2019de al\u0131konulacaklar. Tasar\u0131 kabul edilirse, bir iltica yasa\u011f\u0131 anlam\u0131na gelir. Bu, talepleri ne kadar ger\u00e7ek ve zorlay\u0131c\u0131 olursa olsun, bireysel ko\u015fullar\u0131 dikkate al\u0131nmaks\u0131z\u0131n d\u00fczensiz olarak gelenlerin \u0130ngiltere\u2019de m\u00fclteci korumas\u0131 arama hakk\u0131n\u0131 ortadan kald\u0131r\u0131r. UNHCR, \u0130ngiltere h\u00fck\u00fcmeti taraf\u0131ndan bug\u00fcn Avam Kamaras\u0131\u2019na sunulan iltica yasa tasar\u0131s\u0131ndan derin bir endi\u015fe duyuyor.\u201d ifadesi kullan\u0131ld\u0131.<\/p>\n<p><strong>\u201cBU \u0130HLAL ANLAMINA GEL\u0130YOR\u201d<\/strong><\/p>\n<p>Kabul edilmesi halinde bunun, a\u00e7\u0131k bir \u015fekilde M\u00fclteci S\u00f6zle\u015fmesi\u2019nin ihlali anlam\u0131na gelece\u011fi vurgulanan a\u00e7\u0131klamada, \u0130ngiliz halk\u0131n\u0131n uzun s\u00fcredir devam eden insani gelene\u011fine de g\u00f6lge d\u00fc\u015f\u00fcrece\u011fi kaydedildi.<\/p>\n<p>Sava\u015ftan ka\u00e7an \u00e7o\u011fu ki\u015finin gerekli pasaport ve vizelere eri\u015femedi\u011fi, dolay\u0131s\u0131yla kullanabilecekleri g\u00fcvenli ve yasal yollar\u0131n olmayaca\u011f\u0131 da belirtilen a\u00e7\u0131klamada, \u201cBu temelde ilticaya eri\u015fimlerinin engellenmesi, M\u00fclteci S\u00f6zle\u015fmesi\u2019nin olu\u015fturulma amac\u0131na da zarar verir.\u201d g\u00f6r\u00fc\u015f\u00fc payla\u015f\u0131ld\u0131.<\/p>\n<p>A\u00e7\u0131klamada, \u0130ngiliz h\u00fck\u00fcmetine ve t\u00fcm milletvekillerine, yasa tasar\u0131s\u0131n\u0131 yeniden g\u00f6zden ge\u00e7irme ve bunun yerine daha insanc\u0131l ve pratik \u00e7\u00f6z\u00fcmler arama \u00e7a\u011fr\u0131s\u0131nda da bulunuldu.<\/p>\n<p><strong>\u0130NG\u0130LTERE\u2019N\u0130N YASA TASARISI<\/strong><\/p>\n<p>\u0130ngiltere \u0130\u00e7i\u015fleri Bakan\u0131 Suella Braverman, h\u00fck\u00fcmetin haz\u0131rlad\u0131\u011f\u0131 tasar\u0131n\u0131n yasala\u015fmas\u0131yla \u00fclkeye botlarla ka\u00e7ak yollardan giren d\u00fczensiz g\u00f6\u00e7menlerin, herhangi bir adli inceleme ve kefalete tabi tutulmadan 28 g\u00fcn i\u00e7inde s\u0131n\u0131r d\u0131\u015f\u0131 edilece\u011fini, yasal i\u015flemlerin s\u0131n\u0131r d\u0131\u015f\u0131 edildikten sonra uzaktan yap\u0131laca\u011f\u0131n\u0131 kaydetmi\u015fti.<\/p>\n<p>Braverman, g\u00f6\u00e7menlerin Man\u015f Denizi\u2019ni botlarla ge\u00e7mesini engellemeye y\u00f6nelik Muhafazar Parti h\u00fck\u00fcmetinin haz\u0131rlad\u0131\u011f\u0131 yasa tasla\u011f\u0131yla ilgili parlamentoda milletvekillerini bilgilendirmi\u015fti.<\/p>\n<p>\u0130ngiltere Ba\u015fbakan\u0131 Rishi Sunak ise d\u00fczensiz g\u00f6\u00e7menlerin, Man\u015f Denizi\u2019nden teknelerle \u00fclkeye giri\u015flerini durdurmak i\u00e7in her yolu denediklerini, ancak bunun i\u015fe yaramad\u0131\u011f\u0131n\u0131 belirterek, cayd\u0131r\u0131c\u0131l\u0131\u011f\u0131n sa\u011flanmas\u0131 i\u00e7in \u201csert\u201d yeni yasalar \u00e7\u0131kartmaktan ba\u015fka \u00e7arelerinin kalmad\u0131\u011f\u0131n\u0131 savunmu\u015ftu.<\/p>\n<p>Sunak, Ba\u015fbakanl\u0131k Ofisi 10 Numara\u2019da, h\u00fck\u00fcmetin bug\u00fcn a\u00e7\u0131klad\u0131\u011f\u0131, d\u00fczensiz g\u00f6\u00e7menlerin Man\u015f Denizi \u00fczerinden \u0130ngiltere\u2019ye giri\u015flerini engellemeyi ama\u00e7layan \u201cYasa D\u0131\u015f\u0131 G\u00f6\u00e7 Yasa Tasar\u0131s\u0131\u201dna ili\u015fkin bas\u0131n toplant\u0131s\u0131 d\u00fczenlemi\u015fti.<\/p>\n<p><strong> \u201cBU \u00dcLKEDE KALAMAZLAR\u201d<\/strong><\/p>\n<p>Rishi Sunak, \u00f6n y\u00fcz\u00fcnde \u201c(G\u00f6\u00e7men) Teknelerini durdur\u201d slogan\u0131n\u0131n yaz\u0131l\u0131 oldu\u011fu k\u00fcrs\u00fcde yapt\u0131\u011f\u0131 konu\u015fmada, \u0130ngiltere\u2019ye k\u00fc\u00e7\u00fck teknelerle yasa d\u0131\u015f\u0131 yollardan girenlerin say\u0131s\u0131n\u0131n, son 2 y\u0131lda d\u00f6rt kattan fazla artt\u0131\u011f\u0131na dikkati \u00e7ekmi\u015fti.<\/p>\n<p>Man\u015f Denizi\u2019ni yasa d\u0131\u015f\u0131 yollardan ge\u00e7enlerin, do\u011frudan sava\u015f\u0131n h\u00fck\u00fcm s\u00fcrd\u00fc\u011f\u00fc bir \u00fclkeden, zul\u00fcmden veya hayati tehlikelerden ka\u00e7mad\u0131\u011f\u0131n\u0131 savunan Sunak, bu ki\u015filerin g\u00fcvenli Avrupa \u00fclkeleri \u00fczerinden \u0130ngiltere\u2019ye geldiklerini ve insan ka\u00e7ak\u00e7\u0131lar\u0131na b\u00fcy\u00fck mebla\u011flar \u00f6dediklerini s\u00f6ylemi\u015fti.<\/p>\n<p>Sunak, \u0130ngiltere\u2019ye yasa d\u0131\u015f\u0131 yollardan gelenlerin, bu \u00fclkede kalamayaca\u011f\u0131n\u0131n da alt\u0131n\u0131 \u00e7izmi\u015fti. (AA)<\/p>\n","protected":false},"excerpt":{"rendered":"<p>Birle\u015fmi\u015f Milletler (BM), \u0130ngiltere h\u00fck\u00fcmeti taraf\u0131ndan Avam Kamaras\u0131na sunulan ve d\u00fczensiz g\u00f6\u00e7menlerin Man\u015f Denizi \u00fczerinden \u0130ngiltere&#8217;ye giri\u015flerini engellemeyi ama\u00e7layan yasa tasar\u0131s\u0131ndan derin endi\u015fe duydu\u011funu a\u00e7\u0131klad\u0131.<\/p>\n","protected":false},"author":1,"featured_media":77132,"comment_status":"closed","ping_status":"open","sticky":false,"template":"","format":"standard","meta":{"footnotes":""},"categories":[24],"tags":[3628,766,2420,2488,597],"class_list":["post-77131","post","type-post","status-publish","format-standard","has-post-thumbnail","hentry","category-dunya","tag-hukumeti","tag-ingiltere","tag-sunak","tag-tasari","tag-yasa"],"_links":{"self":[{"href":"https:\/\/haberulus.net\/index.php?rest_route=\/wp\/v2\/posts\/77131","targetHints":{"allow":["GET"]}}],"collection":[{"href":"https:\/\/haberulus.net\/index.php?rest_route=\/wp\/v2\/posts"}],"about":[{"href":"https:\/\/haberulus.net\/index.php?rest_route=\/wp\/v2\/types\/post"}],"author":[{"embeddable":true,"href":"https:\/\/haberulus.net\/index.php?rest_route=\/wp\/v2\/users\/1"}],"replies":[{"embeddable":true,"href":"https:\/\/haberulus.net\/index.php?rest_route=%2Fwp%2Fv2%2Fcomments&post=77131"}],"version-history":[{"count":1,"href":"https:\/\/haberulus.net\/index.php?rest_route=\/wp\/v2\/posts\/77131\/revisions"}],"predecessor-version":[{"id":77133,"href":"https:\/\/haberulus.net\/index.php?rest_route=\/wp\/v2\/posts\/77131\/revisions\/77133"}],"wp:featuredmedia":[{"embeddable":true,"href":"https:\/\/haberulus.net\/index.php?rest_route=\/wp\/v2\/media\/77132"}],"wp:attachment":[{"href":"https:\/\/haberulus.net\/index.php?rest_route=%2Fwp%2Fv2%2Fmedia&parent=77131"}],"wp:term":[{"taxonomy":"category","embeddable":true,"href":"https:\/\/haberulus.net\/index.php?rest_route=%2Fwp%2Fv2%2Fcategories&post=77131"},{"taxonomy":"post_tag","embeddable":true,"href":"https:\/\/haberulus.net\/index.php?rest_route=%2Fwp%2Fv2%2Ftags&post=77131"}],"curies":[{"name":"wp","href":"https:\/\/api.w.org\/{rel}","templated":true}]}}