{"id":77345,"date":"2023-04-19T10:51:03","date_gmt":"2023-04-19T10:51:03","guid":{"rendered":"https:\/\/haberulus.net\/?p=77345"},"modified":"2023-04-19T10:51:03","modified_gmt":"2023-04-19T10:51:03","slug":"tip-adayi-mehmet-aslantug-siyaset-degil-haysiyet-mucadelesi","status":"publish","type":"post","link":"https:\/\/haberulus.net\/?p=77345","title":{"rendered":"T\u0130P aday\u0131 Mehmet Aslantu\u011f: Siyaset de\u011fil haysiyet m\u00fccadelesi"},"content":{"rendered":"<div>\n<p>T\u00fcrkiye \u0130\u015f\u00e7i Partisi (T\u0130P),\u00a0Mu\u011fla&#8217;da se\u00e7im ofisini a\u00e7t\u0131. Mu\u011fla Milletvekili Aday\u0131 Mehmet Aslantu\u011f, \u201cBenim i\u00e7in siyaset de\u011fil, haysiyet m\u00fccadelesi. Bu haysiyet m\u00fccadelesinin en do\u011fru yerinde oldu\u011fumu d\u00fc\u015f\u00fcn\u00fcyorum, sizler gibi\u201d dedi.<\/p>\n<p>T\u00fcrkiye \u0130\u015f\u00e7i Partisi, Mu\u011fla&#8217;n\u0131n Mente\u015fe il\u00e7esinde se\u00e7im ofisini a\u00e7t\u0131. A\u00e7\u0131l\u0131\u015fa, T\u0130P \u00fcyeleri ve milletvekili adaylar\u0131n\u0131n yan\u0131 s\u0131ra vatanda\u015flar da kat\u0131ld\u0131.<\/p>\n<p><strong>\u201cTAR\u0130H\u0130 B\u0130R SE\u00c7\u0130ME G\u0130D\u0130YORUZ\u201d<\/strong><\/p>\n<p>T\u0130P Mente\u015fe \u0130l\u00e7e Ba\u015fkan\u0131 U\u011fur Alt\u0131nba\u015fak, \u015funlar\u0131 s\u00f6yledi:<\/p>\n<p>\u201cSevgili Mu\u011flal\u0131lar, tarihi bir s\u00fcre\u00e7teyiz, tarihi bir se\u00e7ime gidiyoruz. Azimliyiz ve heyecanl\u0131y\u0131z. \u00dclkenin \u00fczerinde son 20 y\u0131ld\u0131r k\u00e2bus gibi \u00e7\u00f6ken her alanda \u00f6zg\u00fcrl\u00fcklerimizi k\u0131s\u0131tlayan, \u00fclkeyi yoksullu\u011fa, sefalete, gericili\u011fe mahk\u00fbm eden AKP rejiminden kurtuluyoruz. Son 26 g\u00fcn\u2026 Mu\u011fla tarihi boyunca solun, eme\u011fin, laikli\u011fin, kad\u0131n m\u00fccadelesinin, ekoloji m\u00fccadelesinin en g\u00fc\u00e7l\u00fc \u015fehirlerinden biridir. Az \u00f6nce ifade etti\u011fim tarihi bir se\u00e7ime gidiyoruz. Meclis\u2019te Mu\u011fla&#8217;m\u0131zdan T\u00fcrkiye \u0130\u015f\u00e7i Partisi&#8217;nden vekiller \u00e7ok yak\u0131\u015facak. Hep birlikte \u00e7al\u0131\u015faca\u011f\u0131z ve bunu ba\u015faraca\u011f\u0131z.<\/p>\n<div><img decoding=\"async\" src=\"https:\/\/i01.sozcucdn.com\/wp-content\/uploads\/2023\/04\/19\/9db7f65b-e3d8-4292-80a3-83dbbbbbba28.jpeg\" alt=\"\" title=\"\"><\/p>\n<p>.<\/p>\n<\/div>\n<p><strong>\u201cBU ZAMANA TANIKLIK ETMEKTEN GURUR DUYUYORUM\u201d<\/strong><\/p>\n<p>Birinci s\u0131ra Milletvekili Aday\u0131 Mehmet Aslantu\u011f ise \u015f\u00f6yle konu\u015ftu:<\/p>\n<p>\u201cBenim i\u00e7in siyaset de\u011fil, haysiyet m\u00fccadelesi. Bu haysiyet m\u00fccadelesinin en do\u011fru yerinde oldu\u011fumu d\u00fc\u015f\u00fcn\u00fcyorum, sizler gibi. \u015e\u00fcphesiz hak ve \u00f6zg\u00fcrl\u00fcklerin, insana emanet edilen do\u011fan\u0131n, di\u011fer canl\u0131lar\u0131n, sosyal devletin, ya\u015fad\u0131\u011f\u0131m\u0131z onca travma da sadaka zihniyetine teslim edilen ve neredeyse \u00f6yle y\u00f6netilmeye \u00e7al\u0131\u015fan bir iklimden, ger\u00e7ekten haysiyetli yurtta\u015flar\u0131na, kendi haysiyetini de teslim edilmi\u015f, in\u015fa edilmi\u015f bir devletle bulu\u015fmak \u00fczere yeni bir yolculu\u011fa T\u00fcrkiye \u0130\u015f\u00e7i Partisi, yeniden bamba\u015fka bir zamana m\u00fch\u00fcrlenerek ba\u015flam\u0131\u015f oluyor. Bu zamana hepiniz gibi tan\u0131kl\u0131k etmekten gurur duyuyorum.\u201d<\/p>\n<p><strong>\u201cFARKLI B\u0130R S\u0130YASAL S\u00d6YLEM\u0130N TEMS\u0130LC\u0130LER\u0130 OLMAYA \u00c7ALI\u015eIYORUZ\u201d<\/strong><\/p>\n<p>\u0130kinci s\u0131ra Milletvekili Aday\u0131 Mehmet Yap\u0131c\u0131 ise \u015funlar\u0131 kaydetti:<\/p>\n<p>\u201cBizler klasik siyasi fig\u00fcrlerden de\u011filiz ve olmayaca\u011f\u0131z. Tak\u0131m elbiseli, s\u00fcr\u00fcler halinde gezen, g\u00fc\u00e7 g\u00f6sterisi yapan ve ataerkil toplumu bizlere dayatanlara inat, g\u00fcnl\u00fck hallerimizle buraday\u0131z. Burada kurdele kesmeyece\u011fiz, 20 ki\u015fi yan yana dizilip bir foto\u011fraf karesine de s\u0131\u011fmaya \u00e7al\u0131\u015fmayaca\u011f\u0131z, birbirimize omuz at\u0131p \u00f6n\u00fcne ge\u00e7meye \u00e7al\u0131\u015fmayaca\u011f\u0131z. Biz burada farkl\u0131 bir siyasi s\u00f6ylemin temsilcileri olmaya \u00e7al\u0131\u015f\u0131yoruz.\u201d<\/p>\n<\/div>\n","protected":false},"excerpt":{"rendered":"<p>T\u00fcrkiye \u0130\u015f\u00e7i Partisi (T\u0130P), Mu\u011fla\u2019da se\u00e7im ofisini a\u00e7t\u0131. Mu\u011fla Milletvekili Aday\u0131 Mehmet Aslantu\u011f, &#8220;Benim i\u00e7in siyaset de\u011fil, haysiyet m\u00fccadelesi. Bu haysiyet m\u00fccadelesinin en do\u011fru yerinde oldu\u011fumu d\u00fc\u015f\u00fcn\u00fcyorum, sizler gibi&#8221; dedi.<\/p>\n","protected":false},"author":1,"featured_media":77346,"comment_status":"closed","ping_status":"open","sticky":false,"template":"","format":"standard","meta":{"footnotes":""},"categories":[26],"tags":[10973,131,320,191],"class_list":["post-77345","post","type-post","status-publish","format-standard","has-post-thumbnail","hentry","category-gundem","tag-haysiyet","tag-mugla","tag-secim","tag-tarihi"],"_links":{"self":[{"href":"https:\/\/haberulus.net\/index.php?rest_route=\/wp\/v2\/posts\/77345","targetHints":{"allow":["GET"]}}],"collection":[{"href":"https:\/\/haberulus.net\/index.php?rest_route=\/wp\/v2\/posts"}],"about":[{"href":"https:\/\/haberulus.net\/index.php?rest_route=\/wp\/v2\/types\/post"}],"author":[{"embeddable":true,"href":"https:\/\/haberulus.net\/index.php?rest_route=\/wp\/v2\/users\/1"}],"replies":[{"embeddable":true,"href":"https:\/\/haberulus.net\/index.php?rest_route=%2Fwp%2Fv2%2Fcomments&post=77345"}],"version-history":[{"count":1,"href":"https:\/\/haberulus.net\/index.php?rest_route=\/wp\/v2\/posts\/77345\/revisions"}],"predecessor-version":[{"id":77347,"href":"https:\/\/haberulus.net\/index.php?rest_route=\/wp\/v2\/posts\/77345\/revisions\/77347"}],"wp:featuredmedia":[{"embeddable":true,"href":"https:\/\/haberulus.net\/index.php?rest_route=\/wp\/v2\/media\/77346"}],"wp:attachment":[{"href":"https:\/\/haberulus.net\/index.php?rest_route=%2Fwp%2Fv2%2Fmedia&parent=77345"}],"wp:term":[{"taxonomy":"category","embeddable":true,"href":"https:\/\/haberulus.net\/index.php?rest_route=%2Fwp%2Fv2%2Fcategories&post=77345"},{"taxonomy":"post_tag","embeddable":true,"href":"https:\/\/haberulus.net\/index.php?rest_route=%2Fwp%2Fv2%2Ftags&post=77345"}],"curies":[{"name":"wp","href":"https:\/\/api.w.org\/{rel}","templated":true}]}}