{"id":7831,"date":"2022-07-14T18:21:03","date_gmt":"2022-07-14T18:21:03","guid":{"rendered":"https:\/\/haberulus.net\/?p=7831"},"modified":"2022-07-14T18:21:03","modified_gmt":"2022-07-14T18:21:03","slug":"fenerbahcenin-yeni-transferleri-takimla-calisti","status":"publish","type":"post","link":"https:\/\/haberulus.net\/?p=7831","title":{"rendered":"Fenerbah\u00e7e\u2019nin yeni transferleri tak\u0131mla \u00e7al\u0131\u015ft\u0131"},"content":{"rendered":"<p><b>\u0130stanbul&#8217;da Dinamo Kiev ma\u00e7\u0131 haz\u0131rl\u0131klar\u0131n\u0131 s\u00fcrd\u00fcren Fenerbah\u00e7e&#8217;de yeni transferler de ilk antrenmanlar\u0131na \u00e7\u0131kt\u0131.<\/b><\/p>\n<p>Fenerbah\u00e7e, UEFA \u015eampiyonlar Ligi 2\u2019nci \u00d6n Eleme Turu ilk aya\u011f\u0131nda 20 Temmuz \u00c7ar\u015famba g\u00fcn\u00fc Dinamo Kiev ile deplasmanda oynayaca\u011f\u0131 ma\u00e7\u0131n haz\u0131rl\u0131klar\u0131n\u0131 ak\u015fam saatlerinde Can Bartu Tesisleri\u2019nde yapt\u0131\u011f\u0131 antrenmanla s\u00fcrd\u00fcrd\u00fc.<\/p>\n<p>Teknik direkt\u00f6r Jorge Jesus y\u00f6netiminde ger\u00e7ekle\u015ftirilen antrenman salonda yap\u0131lan kuvvet ve dayan\u0131kl\u0131l\u0131k \u00e7al\u0131\u015fmalar\u0131yla ba\u015flad\u0131. Ard\u0131ndan sahaya ge\u00e7en futbolcular ko\u015fu, \u0131s\u0131nma ve \u00e7abukluk \u00e7al\u0131\u015fmalar\u0131 yapt\u0131. Pas \u00e7al\u0131\u015fmalar\u0131yla s\u00fcren idman, taktiksel \u00e7al\u0131\u015fmalarla sona erdi.<\/p>\n<p>Mert Hakan Yanda\u015f ile Emre Mor bireysel \u00e7al\u0131\u015fmalarla g\u00fcn\u00fc tamamlarken, Luiz Gustavo saha \u00e7al\u0131\u015fmalar\u0131na ba\u015flad\u0131. Ayr\u0131ca yeni transferler Willian Arao, Tiago \u00c7ukur ve Joshua King, tak\u0131mla birlikte ilk antrenmanlar\u0131na \u00e7\u0131kt\u0131lar.<\/p>\n<p>Sar\u0131-lacivertliler, Dinamo Kiev ma\u00e7\u0131 haz\u0131rl\u0131klar\u0131n\u0131 15 Temmuz Cuma g\u00fcn\u00fc yapaca\u011f\u0131 antrenmanla s\u00fcrd\u00fcrecek.<\/p>\n","protected":false},"excerpt":{"rendered":"<p>\u0130stanbul&#8217;da Dinamo Kiev ma\u00e7\u0131 haz\u0131rl\u0131klar\u0131n\u0131 s\u00fcrd\u00fcren Fenerbah\u00e7e&#8217;de yeni transferler de ilk antrenmanlar\u0131na \u00e7\u0131kt\u0131. Fenerbah\u00e7e, UEFA \u015eampiyonlar &#8230;<\/p>\n","protected":false},"author":1,"featured_media":7832,"comment_status":"open","ping_status":"open","sticky":false,"template":"","format":"standard","meta":{"footnotes":""},"categories":[31],"tags":[362],"class_list":["post-7831","post","type-post","status-publish","format-standard","has-post-thumbnail","hentry","category-spor","tag-antrenman"],"_links":{"self":[{"href":"https:\/\/haberulus.net\/index.php?rest_route=\/wp\/v2\/posts\/7831","targetHints":{"allow":["GET"]}}],"collection":[{"href":"https:\/\/haberulus.net\/index.php?rest_route=\/wp\/v2\/posts"}],"about":[{"href":"https:\/\/haberulus.net\/index.php?rest_route=\/wp\/v2\/types\/post"}],"author":[{"embeddable":true,"href":"https:\/\/haberulus.net\/index.php?rest_route=\/wp\/v2\/users\/1"}],"replies":[{"embeddable":true,"href":"https:\/\/haberulus.net\/index.php?rest_route=%2Fwp%2Fv2%2Fcomments&post=7831"}],"version-history":[{"count":1,"href":"https:\/\/haberulus.net\/index.php?rest_route=\/wp\/v2\/posts\/7831\/revisions"}],"predecessor-version":[{"id":7833,"href":"https:\/\/haberulus.net\/index.php?rest_route=\/wp\/v2\/posts\/7831\/revisions\/7833"}],"wp:featuredmedia":[{"embeddable":true,"href":"https:\/\/haberulus.net\/index.php?rest_route=\/wp\/v2\/media\/7832"}],"wp:attachment":[{"href":"https:\/\/haberulus.net\/index.php?rest_route=%2Fwp%2Fv2%2Fmedia&parent=7831"}],"wp:term":[{"taxonomy":"category","embeddable":true,"href":"https:\/\/haberulus.net\/index.php?rest_route=%2Fwp%2Fv2%2Fcategories&post=7831"},{"taxonomy":"post_tag","embeddable":true,"href":"https:\/\/haberulus.net\/index.php?rest_route=%2Fwp%2Fv2%2Ftags&post=7831"}],"curies":[{"name":"wp","href":"https:\/\/api.w.org\/{rel}","templated":true}]}}