{"id":7834,"date":"2022-07-14T18:21:04","date_gmt":"2022-07-14T18:21:04","guid":{"rendered":"https:\/\/haberulus.net\/?p=7834"},"modified":"2022-07-14T18:21:04","modified_gmt":"2022-07-14T18:21:04","slug":"ailesini-getirmeyen-robert-lewandowski-antrenmana-da-gec-kaldi","status":"publish","type":"post","link":"https:\/\/haberulus.net\/?p=7834","title":{"rendered":"Ailesini getirmeyen Robert Lewandowski, antrenmana da ge\u00e7 kald\u0131!"},"content":{"rendered":"<p><b>Bayern M\u00fcnih&#8217;ten ayr\u0131lmak istedi\u011fini a\u00e7\u0131klayan 33 ya\u015f\u0131ndaki ya\u015fayan efsane golc\u00fc Robert Lewandowski, sezon \u00f6ncesi haz\u0131rl\u0131klar\u0131na kat\u0131lmak i\u00e7in geldi\u011fi Almanya&#8217;ya ailesini getirmemesinin ard\u0131ndan ikinci antrenmana da ge\u00e7 kald\u0131. <\/b><\/p>\n<p>Bir milli tak\u0131m ma\u00e7\u0131 \u00f6ncesi Bayern M\u00fcnih\u2019teki g\u00f6revini tamamlad\u0131\u011f\u0131n\u0131 ve ayr\u0131lmak istedi\u011fini a\u00e7\u0131k\u00e7a belirten Robert Lewandowski\u2019nin g\u00f6nl\u00fcnde Barcelona yat\u0131yor.<\/p>\n<p>Alman devi ise s\u00f6zle\u015fmesi 2023\u2019te bitecek Polonyal\u0131 golc\u00fcy\u00fc bedavaya g\u00f6ndermeye hi\u00e7 niyetli de\u011fil. Barcelona da istenilen bonservis rakamlar\u0131na \u00e7\u0131kmay\u0131p 40 milyon Euro \u00f6nermi\u015fti. Bayern M\u00fcnih ile Barcelona aras\u0131ndaki transfer g\u00f6r\u00fc\u015fmeleri devam etmedi.<\/p>\n<p><b>A\u0130LES\u0130 \u00d6L\u00dcM TEHD\u0130TLER\u0130 ALDI<\/b><\/p>\n<p>Sezonun ilk antrenman\u0131na surat\u0131 as\u0131k bir \u015fekilde \u00e7\u0131kan Lewandowski bug\u00fcnk\u00fc ikinci antrenmana ise ge\u00e7 kald\u0131. 33 ya\u015f\u0131ndaki tecr\u00fcbeli golc\u00fcn\u00fcn bu hareketi ise Bundesliga devine bir mesaj vermek\u2026<\/p>\n<div><img decoding=\"async\" src=\"https:\/\/i01.sozcucdn.com\/wp-content\/uploads\/2022\/07\/14\/depophotos_17545143_1024x683.jpg\" alt=\"\" title=\"\"><\/p>\n<p>Robert Lewandowski ve e\u015fi Anna Lewandowska<\/p>\n<\/div>\n<p>Son olarak tak\u0131mdan ayr\u0131lmak isteyen golc\u00fc oyuncu, tatil sonras\u0131 Almanya\u2019ya ailesi olmadan d\u00f6nd\u00fc. Polonya bas\u0131n\u0131nda \u00e7\u0131kan haberlerde ise Robert Lewandowski\u2019nin 8 y\u0131ld\u0131r ya\u015fad\u0131\u011f\u0131 M\u00fcnih\u2019e ailesini getirmemesinin arkas\u0131nda \u00f6l\u00fcm tehditleri yat\u0131yor.<\/p>\n<p><b>BAYERN\u2019E BEDAVAYA GEL\u0130P, EFSANE OLDU<\/b><\/p>\n<p>2014 y\u0131l\u0131nda t\u0131pk\u0131 Bayern M\u00fcnih\u2019ten ayr\u0131lmak istedi\u011fi gibi Dortmund\u2019dan ayr\u0131lan, s\u00f6zle\u015fme yenilemeyerek M\u00fcnih\u2019e imza atan Lewa 374 ma\u00e7a \u00e7\u0131k\u0131p 344 gol att\u0131.<\/p>\n<p>Bayern M\u00fcnih\u2019te 8 Bundesliga \u015fampiyonlu\u011funun yan\u0131 s\u0131ra 1 de \u015eampiyonlar Ligi \u015fampiyonlu\u011fu ya\u015fayan Lewandowksi ayr\u0131ca 10 tane daha \u015fampiyonluk tatt\u0131.<\/p>\n<p>Lewandowski 2020 ve 2021 y\u0131llar\u0131nda d\u00fcnyada y\u0131l\u0131n en iyi futbolcusuna FIFA taraf\u0131ndan verilen The Best \u00f6d\u00fcl\u00fcn\u00fcn sahibi oldu.<\/p>\n","protected":false},"excerpt":{"rendered":"<p>Bayern M\u00fcnih&#8217;ten ayr\u0131lmak istedi\u011fini a\u00e7\u0131klayan 33 ya\u015f\u0131ndaki ya\u015fayan efsane golc\u00fc Robert Lewandowski, sezon \u00f6ncesi haz\u0131rl\u0131klar\u0131na kat\u0131lmak i\u00e7in &#8230;<\/p>\n","protected":false},"author":1,"featured_media":7835,"comment_status":"open","ping_status":"open","sticky":false,"template":"","format":"standard","meta":{"footnotes":""},"categories":[31],"tags":[2468,323,2467],"class_list":["post-7834","post","type-post","status-publish","format-standard","has-post-thumbnail","hentry","category-spor","tag-bayern-munih","tag-gol","tag-lewandowski"],"_links":{"self":[{"href":"https:\/\/haberulus.net\/index.php?rest_route=\/wp\/v2\/posts\/7834","targetHints":{"allow":["GET"]}}],"collection":[{"href":"https:\/\/haberulus.net\/index.php?rest_route=\/wp\/v2\/posts"}],"about":[{"href":"https:\/\/haberulus.net\/index.php?rest_route=\/wp\/v2\/types\/post"}],"author":[{"embeddable":true,"href":"https:\/\/haberulus.net\/index.php?rest_route=\/wp\/v2\/users\/1"}],"replies":[{"embeddable":true,"href":"https:\/\/haberulus.net\/index.php?rest_route=%2Fwp%2Fv2%2Fcomments&post=7834"}],"version-history":[{"count":1,"href":"https:\/\/haberulus.net\/index.php?rest_route=\/wp\/v2\/posts\/7834\/revisions"}],"predecessor-version":[{"id":7836,"href":"https:\/\/haberulus.net\/index.php?rest_route=\/wp\/v2\/posts\/7834\/revisions\/7836"}],"wp:featuredmedia":[{"embeddable":true,"href":"https:\/\/haberulus.net\/index.php?rest_route=\/wp\/v2\/media\/7835"}],"wp:attachment":[{"href":"https:\/\/haberulus.net\/index.php?rest_route=%2Fwp%2Fv2%2Fmedia&parent=7834"}],"wp:term":[{"taxonomy":"category","embeddable":true,"href":"https:\/\/haberulus.net\/index.php?rest_route=%2Fwp%2Fv2%2Fcategories&post=7834"},{"taxonomy":"post_tag","embeddable":true,"href":"https:\/\/haberulus.net\/index.php?rest_route=%2Fwp%2Fv2%2Ftags&post=7834"}],"curies":[{"name":"wp","href":"https:\/\/api.w.org\/{rel}","templated":true}]}}