{"id":78464,"date":"2023-04-21T08:07:03","date_gmt":"2023-04-21T08:07:03","guid":{"rendered":"https:\/\/haberulus.net\/?p=78464"},"modified":"2023-04-21T08:07:03","modified_gmt":"2023-04-21T08:07:03","slug":"dogalgaz-mujdesi-zamlarin-yanina-yaklasamadi","status":"publish","type":"post","link":"https:\/\/haberulus.net\/?p=78464","title":{"rendered":"Do\u011falgaz m\u00fcjdesi zamlar\u0131n yan\u0131na yakla\u015famad\u0131"},"content":{"rendered":"<p>Cumhurba\u015fkan\u0131 Recep Tayyip Erdo\u011fan, Karadeniz gaz\u0131n\u0131n kullan\u0131ma sunulmas\u0131 nedeniyle 25 metrek\u00fcpe denk gelen mutfak ve s\u0131cak su t\u00fcketimi i\u00e7in gereken do\u011falgaz\u0131n bedelinin 1 y\u0131l boyunca faturalardan d\u00fc\u015f\u00fcr\u00fclece\u011fini duyurdu.<\/p>\n<p>Ancak se\u00e7im \u00f6ncesinde gelen indirim, ge\u00e7ti\u011fimiz y\u0131l gelen sert zamlar\u0131n yan\u0131na yakla\u015famad\u0131. Konut do\u011falgaz\u0131na ge\u00e7ti\u011fimiz y\u0131l y\u00fczde 164 zam gelirken d\u00fcn a\u00e7\u0131klanan indirimin faturalara yakla\u015f\u0131k 120 TL\u2019lik bir katk\u0131 sunmas\u0131 bekleniyor. Di\u011fer yandan, indirimin yaz aylar\u0131nda daha etkili olmas\u0131 beklenirken gelecek y\u0131l y\u00fcksek k\u0131\u015f faturalar\u0131na etkisi ise minimal olacak.<\/p>\n<p><b>ERDO\u011eAN\u2019DAN \u0130ND\u0130R\u0130M A\u00c7IKLAMASI<\/b><\/p>\n<p>D\u00fcn Zonguldak Filyos T\u00fcrkiye Petrolleri Liman\u0131&#8217;ndaki Karadeniz Do\u011fal Gaz\u0131 Devreye Alma T\u00f6reni&#8217;nde konu\u015fan Erdo\u011fan, \u201cVatanda\u015flar\u0131m\u0131z\u0131n evlerindeki mutfaklar\u0131nda ve s\u0131cak su t\u00fcketiminde kulland\u0131klar\u0131 do\u011falgaz\u0131 bir y\u0131l s\u00fcreyle \u00fccretsiz veriyoruz. Ayl\u0131k ortalama 25 metrek\u00fcpe denk gelen mutfak ve s\u0131cak su t\u00fcketimi i\u00e7in gereken do\u011falgaz\u0131n bedeli bir y\u0131l boyunca faturalardan d\u00fc\u015f\u00fcr\u00fclecektir\u201d dedi.<\/p>\n<p>Erdo\u011fan ayr\u0131ca, \u201cBir ay boyunca T\u00fcrkiye&#8217;nin tamam\u0131ndaki konutlar\u0131n do\u011falgaz t\u00fcketiminden \u00fccret almayaca\u011f\u0131z. Yani mutfa\u011f\u0131n ve s\u0131cak suyun yan\u0131 s\u0131ra \u0131s\u0131nma dahil do\u011falgaz t\u00fcketiminin tamam\u0131n\u0131 bir ay s\u00fcreyle \u00fccretsiz yap\u0131yoruz\u201d diye konu\u015ftu.<\/p>\n<p><b>FATURALARA NASIL ETK\u0130 EDECEK?<\/b><\/p>\n<p>T\u00fcketiciler ise haber \u00fczerine bu indirimin faturalara ne \u00f6l\u00e7\u00fcde yans\u0131yaca\u011f\u0131n\u0131 merak etmeye ba\u015flad\u0131.<\/p>\n<p>\u0130GDA\u015e\u2019\u0131n sitesinde yer alan fiyat tarifesine g\u00f6re, \u0130stanbul\u2019da 25 metrek\u00fcp do\u011falgaz 115 TL yap\u0131yor. Ankara\u2019da ise bu rakam 129 TL\u2019yi buluyor. Sonu\u00e7 olarak do\u011falgaz faturalar\u0131nda 115-130 TL aras\u0131nda bir indirim bekleniyor.<\/p>\n<p>Ancak ger\u00e7ekle\u015ftirilecek indirim, ge\u00e7ti\u011fimiz y\u0131l do\u011falgaza gelen sert zamlar nedeniyle t\u00fcketicinin cebini pek de rahatlatmad\u0131. Do\u011falgazda ge\u00e7ti\u011fimiz y\u0131l t\u00fcm abone t\u00fcrlerinde toplam d\u00f6rt defa zam yap\u0131lm\u0131\u015ft\u0131.<\/p>\n<p>2022 y\u0131l\u0131nda do\u011falgaz konut tarifesi 1 Ocak&#8217;ta y\u00fczde 25, 1 Nisan&#8217;da y\u00fczde 35, 1 Haziran&#8217;da y\u00fczde 30, 1 Eyl\u00fcl&#8217;de ise y\u00fczde 20,4 zamland\u0131. B\u00f6ylece do\u011falgaza 2022 i\u00e7inde yap\u0131lan d\u00f6rt zamla konut tarifesi y\u00fczde 164 oran\u0131nda artm\u0131\u015f oldu.<\/p>\n<p>Karadeniz&#8217;de rezerv m\u00fcjdesinin verilmesinden sonra ise konut tarifesinde toplam 11 kez zam yap\u0131ld\u0131. Bu m\u00fcjdenin a\u00e7\u0131kland\u0131\u011f\u0131 A\u011fustos 2020&#8217;den bu yana do\u011falgaz fiyat art\u0131\u015f\u0131 y\u00fczde 226 oldu.<\/p>\n<p>2022\u2019de konutlarda da elektri\u011fe 3 kez zam yap\u0131ld\u0131. Bu da faturalar\u0131n y\u00fczde 184 artmas\u0131na neden oldu. B\u00f6ylece 2022\u2019de elektrik ve do\u011falgaz faturalar\u0131 2,5 kattan fazla artm\u0131\u015f oldu.<\/p>\n<p>Mevcut fiyatlara g\u00f6re, \u0130stanbul\u2019da ayda 300 metrek\u00fcp do\u011falgaz t\u00fcketen bir aile 1389 TL fatura \u00f6demek zorunda kal\u0131yor.<\/p>\n<p><b>SE\u00c7\u0130ME MAKYAJLI B\u00dcT\u00c7E<\/b><\/p>\n<p>\u00d6te yandan se\u00e7im \u00f6ncesi yap\u0131lan bu indirimde uluslararas\u0131 do\u011falgaz al\u0131\u015fveri\u015findeki geli\u015fmelerin de etkili oldu\u011fu d\u00fc\u015f\u00fcn\u00fcl\u00fcyor.<\/p>\n<p>Ocak ay\u0131nda, Rusya\u2019n\u0131n Boru Hatlar\u0131 ile Petrol Ta\u015f\u0131ma Anonim \u015eirketi\u2019nin (BOTA\u015e) 20 milyar dolarl\u0131k do\u011falgaz borcunu erteledi\u011fi ortaya \u00e7\u0131km\u0131\u015ft\u0131. 2022 b\u00fct\u00e7esinde sermaye giderleri ve bor\u00e7 verme miktarlar\u0131 olmas\u0131 gerekenden \u00e7ok d\u00fc\u015f\u00fck kalm\u0131\u015f, bu durum BOTA\u015e\u2019\u0131n Rusya\u2019ya olan 20 milyar dolarl\u0131k borcunun Rusya taraf\u0131ndan ertelenmesinden kaynaklanm\u0131\u015ft\u0131.<\/p>\n<p>B\u00f6ylece T\u00fcrkiye, Rusya\u2019ya olan borcu erteleyerek d\u0131\u015f a\u00e7\u0131\u011f\u0131 ertelemi\u015fti. Ancak ekonomistlere g\u00f6re, ertelenen bu tutar 2023 b\u00fct\u00e7esi i\u00e7in se\u00e7im sonras\u0131nda daha b\u00fcy\u00fck sorunlara neden olabilir.<\/p>\n","protected":false},"excerpt":{"rendered":"<p>Cumhurba\u015fkan\u0131 Erdo\u011fan d\u00fcn 25 metrek\u00fcpe denk gelen do\u011falgaz bedelinin bir y\u0131l boyunca faturalardan d\u00fc\u015f\u00fcr\u00fclece\u011fini duyurdu. Ancak se\u00e7im \u00f6ncesinde gelen indirim, ge\u00e7ti\u011fimiz y\u0131l gelen sert zamlar\u0131n yan\u0131na yakla\u015famad\u0131.<\/p>\n","protected":false},"author":1,"featured_media":78465,"comment_status":"closed","ping_status":"open","sticky":false,"template":"","format":"standard","meta":{"footnotes":""},"categories":[25],"tags":[2364,312,3841,1120,79],"class_list":["post-78464","post","type-post","status-publish","format-standard","has-post-thumbnail","hentry","category-ekonomi","tag-dogal","tag-fatura","tag-indirim","tag-konut","tag-zam"],"_links":{"self":[{"href":"https:\/\/haberulus.net\/index.php?rest_route=\/wp\/v2\/posts\/78464","targetHints":{"allow":["GET"]}}],"collection":[{"href":"https:\/\/haberulus.net\/index.php?rest_route=\/wp\/v2\/posts"}],"about":[{"href":"https:\/\/haberulus.net\/index.php?rest_route=\/wp\/v2\/types\/post"}],"author":[{"embeddable":true,"href":"https:\/\/haberulus.net\/index.php?rest_route=\/wp\/v2\/users\/1"}],"replies":[{"embeddable":true,"href":"https:\/\/haberulus.net\/index.php?rest_route=%2Fwp%2Fv2%2Fcomments&post=78464"}],"version-history":[{"count":1,"href":"https:\/\/haberulus.net\/index.php?rest_route=\/wp\/v2\/posts\/78464\/revisions"}],"predecessor-version":[{"id":78466,"href":"https:\/\/haberulus.net\/index.php?rest_route=\/wp\/v2\/posts\/78464\/revisions\/78466"}],"wp:featuredmedia":[{"embeddable":true,"href":"https:\/\/haberulus.net\/index.php?rest_route=\/wp\/v2\/media\/78465"}],"wp:attachment":[{"href":"https:\/\/haberulus.net\/index.php?rest_route=%2Fwp%2Fv2%2Fmedia&parent=78464"}],"wp:term":[{"taxonomy":"category","embeddable":true,"href":"https:\/\/haberulus.net\/index.php?rest_route=%2Fwp%2Fv2%2Fcategories&post=78464"},{"taxonomy":"post_tag","embeddable":true,"href":"https:\/\/haberulus.net\/index.php?rest_route=%2Fwp%2Fv2%2Ftags&post=78464"}],"curies":[{"name":"wp","href":"https:\/\/api.w.org\/{rel}","templated":true}]}}