{"id":78671,"date":"2023-04-21T13:07:03","date_gmt":"2023-04-21T13:07:03","guid":{"rendered":"https:\/\/haberulus.net\/?p=78671"},"modified":"2023-04-21T13:07:03","modified_gmt":"2023-04-21T13:07:03","slug":"maden-faciasinda-olen-iscinin-esinden-ikiz-bebekleriyle-duygulandiran-paylasim","status":"publish","type":"post","link":"https:\/\/haberulus.net\/?p=78671","title":{"rendered":"Maden facias\u0131nda \u00f6len i\u015f\u00e7inin e\u015finden ikiz bebekleriyle duyguland\u0131ran payla\u015f\u0131m"},"content":{"rendered":"<p>Ge\u00e7en 14 Ekim\u2019de T\u00fcrkiye Ta\u015f K\u00f6m\u00fcr\u00fc Kurumu (TTK) Amasra M\u00fcessese M\u00fcd\u00fcrl\u00fc\u011f\u00fc\u2019ne ait maden oca\u011f\u0131nda meydana gelen patlama sonucu 43 maden i\u015f\u00e7isi hayat\u0131n\u0131 kaybetmi\u015fti. \u00d6len madencilerin aileleri arife g\u00fcn\u00fc ve bug\u00fcn mezarl\u0131klara giderek dualar okudu.<\/p>\n<div><img decoding=\"async\" src=\"https:\/\/i01.sozcucdn.com\/wp-content\/uploads\/2023\/04\/21\/resim1_22842712.jpg\" alt=\"\" title=\"\"><\/p>\n<p>\u015eaban Y\u0131ld\u0131r\u0131m, Mehmet Bulut ve Okan Akg\u00fcn (Soldan sa\u011fa) ayn\u0131 g\u00fcn i\u015fe girmi\u015flerdi<\/p>\n<\/div>\n<p>Ayn\u0131 g\u00fcn i\u015fe giren ve maden facias\u0131nda hayatlar\u0131n\u0131 kaybettikten sonra Ahlat K\u00f6y\u00fc Mezarl\u0131\u011f\u0131\u2019nda yan yana defnedilen maden i\u015f\u00e7isi arkada\u015flar \u015eaban Y\u0131ld\u0131r\u0131m (27), Mehmet Bulut\u00a0 (31) ve Okan Akg\u00fcn\u2019\u00fcn (27) mezarlar\u0131 da aileleri taraf\u0131ndan ziyaret edildi.<\/p>\n<div><img decoding=\"async\" src=\"https:\/\/i01.sozcucdn.com\/wp-content\/uploads\/2023\/04\/21\/maden2_22842710.jpg\" alt=\"\" title=\"\"><\/p>\n<p>\u00dc\u00e7 arkada\u015f k\u00f6ylerinde yan yana topra\u011fa verildi.<\/p>\n<\/div>\n<p>Maden facias\u0131nda hayat\u0131n\u0131 kaybeden i\u015f\u00e7ilerden \u015eaban Y\u0131ld\u0131r\u0131m\u2019\u0131n e\u015fi Sena Y\u0131ld\u0131r\u0131m da ikiz bebeklerini alarak Ahlat k\u00f6y\u00fcndeki mezarl\u0131\u011fa gitti. 6 ayl\u0131k ikiz k\u0131z bebeklerini pusetle babas\u0131n\u0131n mezar\u0131n\u0131n yan\u0131na koyan Y\u0131ld\u0131r\u0131m, \u2018K\u0131zlar\u0131na hasret bir bayram\u2019 notuyla sosyal medya hesab\u0131ndan payla\u015ft\u0131.<\/p>\n<p><img decoding=\"async\" src=\"https:\/\/i01.sozcucdn.com\/wp-content\/uploads\/2023\/04\/21\/maden1_22842711.jpg\" alt=\"\" title=\"\"><\/p>\n<p><strong>SANIKLAR 25 N\u0130SANDA HAK\u0130M KAR\u015eISINA \u00c7IKACAK<\/strong><\/p>\n<p>Bart\u0131n Cumhuriyet Ba\u015fsavc\u0131l\u0131\u011f\u0131nca haz\u0131rlanan 195 sayfal\u0131k iddianamenin, Bart\u0131n 1. A\u011f\u0131r Ceza Mahkemesince kabul edilmesinin ard\u0131ndan davan\u0131n ilk duru\u015fmas\u0131 yap\u0131lacak. Bu kapsamda san\u0131klar, 25 Nisan Sal\u0131 g\u00fcn\u00fc hakim kar\u015f\u0131s\u0131na \u00e7\u0131kacak.<\/p>\n<p>Duru\u015fma, dosyada 23 san\u0131k, 118 ma\u011fdur ve m\u00fc\u015fteki bulunmas\u0131 nedeniyle Bart\u0131n Adliyesi\u2019nde \u00f6zel olarak olu\u015fturulan salonda yap\u0131lacak.<\/p>\n<p><strong>NE OLMU\u015eTU?<\/strong><\/p>\n<p>Bart\u0131n\u2019\u0131n Amasra il\u00e7esindeki TTK Amasra M\u00fcessesesine ait maden oca\u011f\u0131nda 14 Ekim Cuma g\u00fcn\u00fc saat 18.15 s\u0131ralar\u0131nda meydana gelen patlamada 41 i\u015f\u00e7i hayat\u0131n\u0131 kaybetmi\u015f, 10 i\u015f\u00e7i yaralanm\u0131\u015ft\u0131. Bir i\u015f\u00e7i sevk edildi\u011fi hastanede 4 Kas\u0131m 2022\u2019de, bir i\u015f\u00e7i de patlamadan 173 g\u00fcn sonra 5 Nisan\u2019da ya\u015fam\u0131n\u0131 yitirmi\u015fti.<\/p>\n<p>Y\u00fcr\u00fct\u00fclen soru\u015fturma kapsam\u0131nda aralar\u0131nda TTK Amasra M\u00fcessese M\u00fcd\u00fcr\u00fc Cihat \u00d6zdemir\u2019in de bulundu\u011fu 24 \u015f\u00fcpheli g\u00f6zalt\u0131na al\u0131nm\u0131\u015ft\u0131.<\/p>\n<p>\u015e\u00fcphelilerden TTK Amasra M\u00fcessese M\u00fcd\u00fcr\u00fc Cihat \u00d6zdemir, M\u00fcessese M\u00fcd\u00fcr Yard\u0131mc\u0131s\u0131 Salih Atmaca, \u0130\u015fletme M\u00fcd\u00fcr\u00fc Sel\u00e7uk Ekmekci, \u0130\u015f G\u00fcvenli\u011fi ve E\u011fitim Ba\u015fm\u00fchendisi Volkan Soylu ve Ba\u015fm\u00fchendis Mehmet Tural ile kartiyelerden (birka\u00e7 \u00fcretim \u00fcnitesinden olu\u015fan ocak) sorumlu maden m\u00fchendisleri Levent Ayd\u0131n ve \u0130brahim Hakan Menge\u015f ve emniyet m\u00fchendisi \u015eahan Kahraman \u201cbilin\u00e7li taksirle birden fazla insan\u0131n \u00f6l\u00fcm\u00fcne ve yaralanmas\u0131na neden olmak\u201d su\u00e7undan tutuklanm\u0131\u015f, 4\u2019\u00fcne adli kontrol h\u00fck\u00fcmleri uygulanm\u0131\u015f, 3\u2019\u00fc \u00e7\u0131kar\u0131ld\u0131klar\u0131 hakimlik\u00e7e, 9\u2019u savc\u0131l\u0131k sorgular\u0131n\u0131n ard\u0131ndan serbest b\u0131rak\u0131lm\u0131\u015ft\u0131. Bu ki\u015filer aras\u0131nda yer alan bir ki\u015fi hakk\u0131nda da soru\u015fturma s\u00fcrecinde \u201ctakipsizlik\u201d karar\u0131 verilmi\u015fti.<\/p>\n<p>\u0130ddianamede, tutuklu san\u0131klar \u00d6zdemir, Ekmekci, Soylu ve Tural hakk\u0131nda 42 kez \u201colas\u0131 kastla \u00f6ld\u00fcrme\u201d su\u00e7undan toplam 840 y\u0131ldan 1050 y\u0131la kadar, 4 kez \u201colas\u0131 kastla yaralama\u201d su\u00e7undan da toplam 4 y\u0131l 16 aydan 12 y\u0131la kadar hapis cezas\u0131 talep ediliyor.<\/p>\n<p>Bu 4 san\u0131\u011f\u0131n iki su\u00e7tan toplam 844 y\u0131l 16 aydan 1062\u2019\u015fer y\u0131la kadar mahkumiyeti talebinde bulunulan iddianamede, di\u011fer 4\u2019\u00fc tutuklu 19 san\u0131\u011f\u0131n ise \u201cbilin\u00e7li taksirle birden fazla ki\u015finin \u00f6l\u00fcm\u00fcne ve yaralanmas\u0131na neden olma\u201d su\u00e7undan 2 y\u0131l 8 aydan 22 y\u0131l 6\u2019\u015far aya kadar hapis cezas\u0131na \u00e7arpt\u0131r\u0131lmas\u0131 isteniyor. (DHA-AA)<\/p>\n","protected":false},"excerpt":{"rendered":"<p>Bart\u0131n&#8217;\u0131n Amasra il\u00e7esinde, 14 Ekim&#8217;deki maden facias\u0131nda hayat\u0131n\u0131 kaybeden 43 i\u015f\u00e7inin aileleri buruk bir bayram ya\u015farken, Sena Y\u0131ld\u0131r\u0131m e\u015fi \u015eaban Y\u0131ld\u0131r\u0131m&#8217;\u0131n (27) mezar\u0131n\u0131 6 ayl\u0131k ikiz bebekleriyle ziyaret edip, &#8216;K\u0131zlar\u0131na hasret bir bayram&#8217; notuyla sosyal medyadan payla\u015ft\u0131.<\/p>\n","protected":false},"author":1,"featured_media":78672,"comment_status":"closed","ping_status":"open","sticky":false,"template":"","format":"standard","meta":{"footnotes":""},"categories":[26],"tags":[82,419,1146,796,321],"class_list":["post-78671","post","type-post","status-publish","format-standard","has-post-thumbnail","hentry","category-gundem","tag-gun","tag-isci","tag-maden","tag-mudur","tag-yildirim"],"_links":{"self":[{"href":"https:\/\/haberulus.net\/index.php?rest_route=\/wp\/v2\/posts\/78671","targetHints":{"allow":["GET"]}}],"collection":[{"href":"https:\/\/haberulus.net\/index.php?rest_route=\/wp\/v2\/posts"}],"about":[{"href":"https:\/\/haberulus.net\/index.php?rest_route=\/wp\/v2\/types\/post"}],"author":[{"embeddable":true,"href":"https:\/\/haberulus.net\/index.php?rest_route=\/wp\/v2\/users\/1"}],"replies":[{"embeddable":true,"href":"https:\/\/haberulus.net\/index.php?rest_route=%2Fwp%2Fv2%2Fcomments&post=78671"}],"version-history":[{"count":1,"href":"https:\/\/haberulus.net\/index.php?rest_route=\/wp\/v2\/posts\/78671\/revisions"}],"predecessor-version":[{"id":78673,"href":"https:\/\/haberulus.net\/index.php?rest_route=\/wp\/v2\/posts\/78671\/revisions\/78673"}],"wp:featuredmedia":[{"embeddable":true,"href":"https:\/\/haberulus.net\/index.php?rest_route=\/wp\/v2\/media\/78672"}],"wp:attachment":[{"href":"https:\/\/haberulus.net\/index.php?rest_route=%2Fwp%2Fv2%2Fmedia&parent=78671"}],"wp:term":[{"taxonomy":"category","embeddable":true,"href":"https:\/\/haberulus.net\/index.php?rest_route=%2Fwp%2Fv2%2Fcategories&post=78671"},{"taxonomy":"post_tag","embeddable":true,"href":"https:\/\/haberulus.net\/index.php?rest_route=%2Fwp%2Fv2%2Ftags&post=78671"}],"curies":[{"name":"wp","href":"https:\/\/api.w.org\/{rel}","templated":true}]}}