{"id":79066,"date":"2023-04-22T12:37:04","date_gmt":"2023-04-22T12:37:04","guid":{"rendered":"https:\/\/haberulus.net\/?p=79066"},"modified":"2023-04-22T12:37:04","modified_gmt":"2023-04-22T12:37:04","slug":"celil-yuksel-babam-ve-amcamin-hayalleri-gercek-oldu","status":"publish","type":"post","link":"https:\/\/haberulus.net\/?p=79066","title":{"rendered":"Celil Y\u00fcksel: Babam ve amcam\u0131n hayalleri ger\u00e7ek oldu"},"content":{"rendered":"<p>Galatasaray altyap\u0131s\u0131ndan yeti\u015ftikten sonra Spor Toto 1\u2019inci Lig\u2019de Adanaspor formas\u0131 giyen ve bu sezon ba\u015f\u0131nda Samsunspor\u2019a transfer olan Celil Y\u00fcksel, tak\u0131m\u0131n\u0131n S\u00fcper Lig\u2019e y\u00fckselmesinde \u00f6nemli rol oynad\u0131.<\/p>\n<p>Bu sezon ligde 27 ma\u00e7ta forma giyen ve bu kar\u015f\u0131la\u015fmalar\u0131n 22\u2019sine ilk 11\u2019de ba\u015flayan Celil Y\u00fcksel, \u015fampiyonlu\u011fun ard\u0131ndan a\u00e7\u0131klamalarda bulundu.<\/p>\n<p>Spor Toto 1. Lig\u2019in 34\u2019\u00fcnc\u00fc haftas\u0131nda yar\u0131n sahalar\u0131nda oynayacaklar\u0131 Ankara Ke\u00e7i\u00f6reng\u00fcc\u00fc kar\u015f\u0131la\u015fmas\u0131n\u0131 de\u011ferlendiren 25 ya\u015f\u0131ndaki orta saha oyuncusu, \u201cBiz her ma\u00e7a 3 puan i\u00e7in \u00e7\u0131k\u0131yoruz. \u015eampiyonluk bizim i\u00e7in \u00e7ok \u00f6nemliydi. Fakat k\u0131r\u0131lmas\u0131 gereken bir rekor var. Biz de tak\u0131mca bunu k\u0131rmak istiyoruz. Ma\u00e7a iyi haz\u0131rland\u0131k. 1 g\u00fcn bayram iznimiz vard\u0131 ve bug\u00fcn topland\u0131k. Yar\u0131n da 3 puan\u0131 almak istiyoruz\u201d ifadelerini kulland\u0131.<\/p>\n<p><b>\u201c\u0130SM\u0130M\u0130 CEL\u0130L SA\u011eIR HAYRANI BABAM VE AMCAM KOYDU\u201d<\/b><\/p>\n<p>Ad\u0131n\u0131n Celil koyulmas\u0131n\u0131n hikayesini de anlatan 25 ya\u015f\u0131ndaki orta saha oyuncusu, \u201c\u0130smimim hikayesi; Bizim aile fanatik Samsunsporlu. Babam ile amcam Celil Sa\u011f\u0131r\u2019\u0131 \u00e7ok sevdi\u011finden benim ismimi de Celil koymu\u015flar. Hayalleri de benim Samsunspor\u2019da oynamamd\u0131. Hayalleri ger\u00e7ek oldu. Burada oynad\u0131m. Ayn\u0131 zamanda \u015fampiyon olan tak\u0131m\u0131n i\u00e7indeyim. Onlar da \u00e7ok mutlu ve gururlular. Amcamla s\u00fcrekli konu\u015fuyoruz\u201d \u015feklinde konu\u015ftu.<\/p>\n<p><b>\u201cAYRI GURURLU VE MUTLUYUM\u201d<\/b><\/p>\n<p>S\u00fcper Lig\u2019e y\u00fckseldikleri i\u00e7in \u00e7ok mutlu olduklar\u0131n\u0131 belirten Celil Y\u00fcksel, \u201c\u00d6ncelikle \u00e7ok mutluyum. Eme\u011fi olan herkese Samsunspor\u2019un bir evlad\u0131 olarak \u00e7ok te\u015fekk\u00fcr ediyorum. 11 senedir S\u00fcper Lig\u2019e \u00e7\u0131kamam\u0131\u015ft\u0131k. Biz daha \u00f6ncesinde buran\u0131n \u00e7ocu\u011fu olarak, taraftar olarak destekliyorduk. Taraftar olarak istiyorduk. \u015eimdi nasip bu tak\u0131mda oynay\u0131p, \u015fampiyon olmak varm\u0131\u015f. Bunun i\u00e7in ayr\u0131 gururlu ve mutluyum\u201d diye konu\u015ftu.<\/p>\n","protected":false},"excerpt":{"rendered":"<p>Samsunsporlu futbolcu Celil Y\u00fcksel, babas\u0131n\u0131n ve amcas\u0131n\u0131n fanatik Samsunsporlu oldu\u011funu, babas\u0131n\u0131n k\u0131rm\u0131z\u0131-beyazl\u0131 ekibin \u00f6nemli isimlerinden Celil Sa\u011f\u0131r hayranl\u0131\u011f\u0131 nedeniyle de ad\u0131n\u0131 Celil koydu\u011funu s\u00f6yledi.<\/p>\n","protected":false},"author":1,"featured_media":79067,"comment_status":"closed","ping_status":"open","sticky":false,"template":"","format":"standard","meta":{"footnotes":""},"categories":[31],"tags":[11103,1735],"class_list":["post-79066","post","type-post","status-publish","format-standard","has-post-thumbnail","hentry","category-spor","tag-celil","tag-mutlu"],"_links":{"self":[{"href":"https:\/\/haberulus.net\/index.php?rest_route=\/wp\/v2\/posts\/79066","targetHints":{"allow":["GET"]}}],"collection":[{"href":"https:\/\/haberulus.net\/index.php?rest_route=\/wp\/v2\/posts"}],"about":[{"href":"https:\/\/haberulus.net\/index.php?rest_route=\/wp\/v2\/types\/post"}],"author":[{"embeddable":true,"href":"https:\/\/haberulus.net\/index.php?rest_route=\/wp\/v2\/users\/1"}],"replies":[{"embeddable":true,"href":"https:\/\/haberulus.net\/index.php?rest_route=%2Fwp%2Fv2%2Fcomments&post=79066"}],"version-history":[{"count":1,"href":"https:\/\/haberulus.net\/index.php?rest_route=\/wp\/v2\/posts\/79066\/revisions"}],"predecessor-version":[{"id":79068,"href":"https:\/\/haberulus.net\/index.php?rest_route=\/wp\/v2\/posts\/79066\/revisions\/79068"}],"wp:featuredmedia":[{"embeddable":true,"href":"https:\/\/haberulus.net\/index.php?rest_route=\/wp\/v2\/media\/79067"}],"wp:attachment":[{"href":"https:\/\/haberulus.net\/index.php?rest_route=%2Fwp%2Fv2%2Fmedia&parent=79066"}],"wp:term":[{"taxonomy":"category","embeddable":true,"href":"https:\/\/haberulus.net\/index.php?rest_route=%2Fwp%2Fv2%2Fcategories&post=79066"},{"taxonomy":"post_tag","embeddable":true,"href":"https:\/\/haberulus.net\/index.php?rest_route=%2Fwp%2Fv2%2Ftags&post=79066"}],"curies":[{"name":"wp","href":"https:\/\/api.w.org\/{rel}","templated":true}]}}