{"id":79450,"date":"2023-04-23T11:07:05","date_gmt":"2023-04-23T11:07:05","guid":{"rendered":"https:\/\/haberulus.net\/?p=79450"},"modified":"2023-04-23T11:07:05","modified_gmt":"2023-04-23T11:07:05","slug":"katy-perry-hem-tac-giyme-torenine-katilacak-hem-de-sarayda-kalacak","status":"publish","type":"post","link":"https:\/\/haberulus.net\/?p=79450","title":{"rendered":"Katy Perry hem ta\u00e7 giyme t\u00f6renine kat\u0131lacak hem de sarayda kalacak"},"content":{"rendered":"<p>Kral Charles\u2019\u0131n ta\u00e7 giyme t\u00f6reni i\u00e7in son haz\u0131rl\u0131klar devam ediyor. Take That, Lionel Richie, Andrea Bocelli ve Katy Perry gibi birbirinden \u00fcnl\u00fc isimlerin sahne almas\u0131 planlan\u0131rken \u00fcnl\u00fcler i\u00e7in de ayr\u0131ca jestler organize ediliyor.<\/p>\n<p>Bunlardan en dikkat \u00e7ekeni ise Katy Perry\u2019e Kral Charles\u2019\u0131n ta\u00e7 giyme t\u00f6reninde performans sergilemesi i\u00e7in yap\u0131lan anla\u015fman\u0131n bir par\u00e7as\u0131 olarak Windsor Saray\u0131\u2019nda bir gecelik konaklama i\u00e7in \u00f6zel bir s\u00fcit teklif edilmesi.<\/p>\n<p>Platinum Jubilee konserinin organizat\u00f6rleri olan BBC Studios taraf\u0131ndan haz\u0131rlanan g\u00f6steri, pop, rock ve klasik m\u00fczi\u011fin bir kar\u0131\u015f\u0131m\u0131n\u0131 i\u00e7erecek ve muhte\u015fem bir \u0131\u015f\u0131k g\u00f6sterisiyle birlikte d\u00fcnyan\u0131n d\u00f6rt bir yan\u0131na yay\u0131lacak.<\/p>\n<div><img decoding=\"async\" src=\"https:\/\/i01.sozcucdn.com\/wp-content\/uploads\/2023\/04\/23\/depophotos_15364147.jpg\" alt=\"\" title=\"\"><\/p>\n<p>Windsor Saray\u0131<\/p>\n<\/div>\n<p>Ancak Perry\u2019nin listede yer alan \u015fark\u0131c\u0131lardan daha farkl\u0131 bir ba\u011f\u0131 var. \u00dcnl\u00fc \u015fark\u0131c\u0131, Kral ile ilk olarak 2019\u2019da Mumbai\u2019deki bir etkinlikte, o zamanlar Galler Prensi iken tan\u0131\u015ft\u0131. G\u00f6r\u00fc\u015fme, ikisi i\u00e7in de unutulmazd\u0131, \u00e7\u00fcnk\u00fc bu, Kral\u2019\u0131n biriyle selfie \u00e7ekinmek istedi\u011fi ilk ve muhtemelen son seferdi. Hatta foto\u011fraf talebinin detaylar\u0131, Kral\u2019\u0131n eski yard\u0131mc\u0131s\u0131 Scott Furssedonn-Wood taraf\u0131ndan a\u00e7\u0131kland\u0131.<\/p>\n<div><img decoding=\"async\" src=\"https:\/\/i01.sozcucdn.com\/wp-content\/uploads\/2023\/04\/23\/depophotos_15997204.jpg\" alt=\"\" title=\"\"><\/p>\n<p>Katy Perry<\/p>\n<\/div>\n<p>Charles\u2019\u0131n \u00f6zel sekreter yard\u0131mc\u0131s\u0131 olan Furssedonn-Wood, Kral\u2019a \u00e7ocuklar\u0131n\u0131n Perry\u2019nin m\u00fczi\u011fini ne kadar sevdi\u011fini s\u00f6yledi. Kral da \u015fark\u0131c\u0131dan yard\u0131mc\u0131s\u0131yla poz vermesini istedi.<\/p>\n<p>Katy Perry daha \u00f6nce de Kral\u2019\u0131n o\u011fullar\u0131 Prens William ve Harry ile bir sa\u011fl\u0131k kampanyas\u0131na kat\u0131lm\u0131\u015ft\u0131.<\/p>\n<div><img decoding=\"async\" src=\"https:\/\/i01.sozcucdn.com\/wp-content\/uploads\/2023\/04\/23\/depophotos_16758531.jpg\" alt=\"\" title=\"\"><\/p>\n<p>Perry, daha \u00f6nce t\u00f6rene kat\u0131lmayacak olan Markle\u2019\u0131n gelinli\u011fini de ele\u015ftirmi\u015fti.<\/p>\n<\/div>\n<p>Ayr\u0131ca Katy Perry, Kraliyet Ailesi\u2019nin sansasyonel isimlerinden Meghan Markle ile ilgili yazd\u0131klar\u0131yla da dikkat \u00e7ekmi\u015fti. Perry, Markle\u2019\u0131n gelinli\u011fini ele\u015ftirmi\u015fti. 2018\u2019deki Prens Harry ve Markle\u2019\u0131n d\u00fc\u011f\u00fcn\u00fcnde Markle\u2019\u0131n \u00fcst\u00fcnde pot duran gelinli\u011fi ele\u015ftiriler alm\u0131\u015ft\u0131. Perry de \u201cBir prova daha yapard\u0131m. Bir tane daha uygun, ama seni seviyorum. Kate, Kate, Kate kazand\u0131, Kate kazand\u0131!\u201d diye sosyal medyada yazm\u0131\u015ft\u0131.<\/p>\n","protected":false},"excerpt":{"rendered":"<p>Kral&#8217;\u0131n adeta \u00f6zel davetlisi gibi&#8230; Katy Perry, Kral Charles&#8217;\u0131n ta\u00e7 giyme t\u00f6reninde sahne almas\u0131n\u0131n yan\u0131nda Windsor Saray\u0131&#8217;nda bir gece konaklayacak.<\/p>\n","protected":false},"author":1,"featured_media":79451,"comment_status":"closed","ping_status":"open","sticky":false,"template":"","format":"standard","meta":{"footnotes":""},"categories":[27],"tags":[5476,3530,7853],"class_list":["post-79450","post","type-post","status-publish","format-standard","has-post-thumbnail","hentry","category-kultur-sanat","tag-kral","tag-markle","tag-perry"],"_links":{"self":[{"href":"https:\/\/haberulus.net\/index.php?rest_route=\/wp\/v2\/posts\/79450","targetHints":{"allow":["GET"]}}],"collection":[{"href":"https:\/\/haberulus.net\/index.php?rest_route=\/wp\/v2\/posts"}],"about":[{"href":"https:\/\/haberulus.net\/index.php?rest_route=\/wp\/v2\/types\/post"}],"author":[{"embeddable":true,"href":"https:\/\/haberulus.net\/index.php?rest_route=\/wp\/v2\/users\/1"}],"replies":[{"embeddable":true,"href":"https:\/\/haberulus.net\/index.php?rest_route=%2Fwp%2Fv2%2Fcomments&post=79450"}],"version-history":[{"count":1,"href":"https:\/\/haberulus.net\/index.php?rest_route=\/wp\/v2\/posts\/79450\/revisions"}],"predecessor-version":[{"id":79452,"href":"https:\/\/haberulus.net\/index.php?rest_route=\/wp\/v2\/posts\/79450\/revisions\/79452"}],"wp:featuredmedia":[{"embeddable":true,"href":"https:\/\/haberulus.net\/index.php?rest_route=\/wp\/v2\/media\/79451"}],"wp:attachment":[{"href":"https:\/\/haberulus.net\/index.php?rest_route=%2Fwp%2Fv2%2Fmedia&parent=79450"}],"wp:term":[{"taxonomy":"category","embeddable":true,"href":"https:\/\/haberulus.net\/index.php?rest_route=%2Fwp%2Fv2%2Fcategories&post=79450"},{"taxonomy":"post_tag","embeddable":true,"href":"https:\/\/haberulus.net\/index.php?rest_route=%2Fwp%2Fv2%2Ftags&post=79450"}],"curies":[{"name":"wp","href":"https:\/\/api.w.org\/{rel}","templated":true}]}}