{"id":79599,"date":"2023-04-23T15:51:06","date_gmt":"2023-04-23T15:51:06","guid":{"rendered":"https:\/\/haberulus.net\/?p=79599"},"modified":"2023-04-23T15:51:06","modified_gmt":"2023-04-23T15:51:06","slug":"23-nisan-kutlamalarinda-korku-dolu-anlar","status":"publish","type":"post","link":"https:\/\/haberulus.net\/?p=79599","title":{"rendered":"23 Nisan kutlamalar\u0131nda korku dolu anlar"},"content":{"rendered":"<p>Maltepe, Altay\u00e7e\u015fme Mahallesi K\u0131\u015flal\u0131 Caddesi&#8217;nde bulunan Ya\u015far Kemal K\u00fclt\u00fcr Merkezi \u00f6n\u00fcnde belediyenin d\u00fczenledi\u011fi 23 Nisan Ulusal Egemenlik ve \u00c7ocuk Bayram\u0131 program\u0131nda korku dolu anlar ya\u015fand\u0131.<\/p>\n<p><img decoding=\"async\" src=\"https:\/\/i01.sozcucdn.com\/wp-content\/uploads\/2023\/04\/23\/deh2.jpg\"\/><\/p>\n<p><strong>EL\u0130NDE BI\u00c7AKLA SAHNEYE \u00c7IKTI<\/strong><\/p>\n<p>Elinde b\u0131\u00e7ak bulunan bir ki\u015fi, program i\u00e7in kurulan sahneye \u00e7\u0131kt\u0131. Zab\u0131ta g\u00f6revlileri \u015f\u00fcphelinin inmesini ve elindeki b\u0131\u00e7a\u011f\u0131 b\u0131rakmas\u0131n\u0131 istedi.<\/p>\n<p><strong>ZABITAYA SALDIRDI<\/strong><\/p>\n<p>Ancak elinde b\u0131\u00e7ak bulunan sald\u0131rgan sahneden atlayarak zab\u0131ta g\u00f6revlisine sald\u0131rd\u0131. \u015e\u00fcpheli elindeki b\u0131\u00e7a\u011f\u0131 zab\u0131taya savururken, g\u00f6revli geri \u00e7ekilmesi sayesinde yaralanmaktan kurtuldu.<\/p>\n<p><img decoding=\"async\" src=\"https:\/\/i01.sozcucdn.com\/wp-content\/uploads\/2023\/04\/23\/deh3.jpg\"\/><\/p>\n<p><strong>\u00c7OCUKLAR VAR D\u0130YE S\u0130LAH KULLANAMADI<\/strong><\/p>\n<p>Programa kat\u0131lan kad\u0131n ve \u00e7ocuklar\u0131n \u00e7\u0131\u011fl\u0131klar\u0131 aras\u0131nda ya\u015fanan olayda, polisler durumu fark ederek m\u00fcdahale etti.<\/p>\n<p>Polis ekipleri, \u00e7evredeki \u00e7ocuklar sebebiyle silah kullanamad\u0131. Maltepe \u0130l\u00e7e Emniyet M\u00fcd\u00fcrl\u00fc\u011f\u00fc ekipleri plastik sandalyeleri kalkan yaparak \u015f\u00fcpheliyi g\u00f6zalt\u0131na ald\u0131.<\/p>\n<p><strong>15 SU\u00c7 KAYDI<\/strong><\/p>\n<p>Yakalanan Emre B. (28) isimli \u015f\u00fcphelinin Maltepe Cezaevinden k\u0131sa s\u00fcre \u00f6nce tahliye oldu\u011fu \u00f6\u011frenildi. \u0130\u015fsiz olan \u015f\u00fcphelinin, yaralama, gasp, h\u0131rs\u0131zl\u0131k gibi su\u00e7lardan 15 kayd\u0131 oldu\u011fu belirtildi. Yakalanan \u015f\u00fcpheli emniyete g\u00f6t\u00fcr\u00fcld\u00fc.<\/p>\n","protected":false},"excerpt":{"rendered":"<p>\u0130stanbul Maltepe\u2019de d\u00fczenlenen 23 Nisan Ulusal Egemenlik ve \u00c7ocuk Bayram\u0131 program\u0131nda elinde b\u0131\u00e7akla sahneye \u00e7\u0131kan bir ki\u015fi, programa kat\u0131lan \u00e7ocuklara deh\u015feti ya\u015fatt\u0131.<\/p>\n","protected":false},"author":1,"featured_media":79600,"comment_status":"closed","ping_status":"open","sticky":false,"template":"","format":"standard","meta":{"footnotes":""},"categories":[26],"tags":[5408,486],"class_list":["post-79599","post","type-post","status-publish","format-standard","has-post-thumbnail","hentry","category-gundem","tag-elinde","tag-supheli"],"_links":{"self":[{"href":"https:\/\/haberulus.net\/index.php?rest_route=\/wp\/v2\/posts\/79599","targetHints":{"allow":["GET"]}}],"collection":[{"href":"https:\/\/haberulus.net\/index.php?rest_route=\/wp\/v2\/posts"}],"about":[{"href":"https:\/\/haberulus.net\/index.php?rest_route=\/wp\/v2\/types\/post"}],"author":[{"embeddable":true,"href":"https:\/\/haberulus.net\/index.php?rest_route=\/wp\/v2\/users\/1"}],"replies":[{"embeddable":true,"href":"https:\/\/haberulus.net\/index.php?rest_route=%2Fwp%2Fv2%2Fcomments&post=79599"}],"version-history":[{"count":1,"href":"https:\/\/haberulus.net\/index.php?rest_route=\/wp\/v2\/posts\/79599\/revisions"}],"predecessor-version":[{"id":79601,"href":"https:\/\/haberulus.net\/index.php?rest_route=\/wp\/v2\/posts\/79599\/revisions\/79601"}],"wp:featuredmedia":[{"embeddable":true,"href":"https:\/\/haberulus.net\/index.php?rest_route=\/wp\/v2\/media\/79600"}],"wp:attachment":[{"href":"https:\/\/haberulus.net\/index.php?rest_route=%2Fwp%2Fv2%2Fmedia&parent=79599"}],"wp:term":[{"taxonomy":"category","embeddable":true,"href":"https:\/\/haberulus.net\/index.php?rest_route=%2Fwp%2Fv2%2Fcategories&post=79599"},{"taxonomy":"post_tag","embeddable":true,"href":"https:\/\/haberulus.net\/index.php?rest_route=%2Fwp%2Fv2%2Ftags&post=79599"}],"curies":[{"name":"wp","href":"https:\/\/api.w.org\/{rel}","templated":true}]}}