{"id":79869,"date":"2023-04-24T08:39:02","date_gmt":"2023-04-24T08:39:02","guid":{"rendered":"https:\/\/haberulus.net\/?p=79869"},"modified":"2023-04-24T08:39:02","modified_gmt":"2023-04-24T08:39:02","slug":"hava-kirliligi-her-yil-1200-erken-olume-sebep-oluyor","status":"publish","type":"post","link":"https:\/\/haberulus.net\/?p=79869","title":{"rendered":"Hava kirlili\u011fi her y\u0131l 1200 erken \u00f6l\u00fcme sebep oluyor"},"content":{"rendered":"<p>Avrupa \u00c7evre Ajans\u0131, 27\u2019si AB \u00fcyesi olmak \u00fczere 30 \u00fclkenin dahil oldu\u011fu ara\u015ft\u0131rmada hava kirlili\u011finin insan sa\u011fl\u0131\u011f\u0131na olumsuz etkileri mercek alt\u0131na al\u0131nd\u0131.<\/p>\n<p>Kurum taraf\u0131ndan haz\u0131rlanan raporda, Avrupa\u2019da hava kirlili\u011finin 18 ya\u015f\u0131n alt\u0131ndakilerde her y\u0131l 1200\u2019den ki\u015finin erken \u00f6l\u00fcm\u00fcne sebep oldu\u011fu belirtildi. Yap\u0131lan a\u00e7\u0131klamada hava kirlili\u011finin kronik hastal\u0131k riskini art\u0131rd\u0131\u011f\u0131 da belirtildi.<\/p>\n<p>Ara\u015ft\u0131rmada, Rusya, Ukrayna ve Birle\u015fik Krall\u0131k gibi geli\u015fmi\u015f sanayi toplumlar\u0131 yer almazken, bu \u00fclkelerin de dahil edilmesiyle birlikte bu say\u0131n\u0131n artmas\u0131ndan da endi\u015fe ediliyor.<\/p>\n<p>Raporda, \u201cHava kirlili\u011fi 18 ya\u015f\u0131n alt\u0131nda y\u0131lda 1200 erken \u00f6l\u00fcme sebep oluyor ve hastal\u0131k riskini de art\u0131r\u0131yor\u201d denildi. Bu ara\u015ft\u0131rman\u0131n 18 ya\u015f\u0131n alt\u0131ndakilere odaklanm\u0131\u015f ilk ara\u015ft\u0131rma oldu\u011fu da belirtildi.<\/p>\n<p>2020\u2019de yay\u0131nlanan ve AB \u00fclkelerinin yan\u0131 s\u0131ra \u0130zlanda, Lihten\u015ftayn, Norve\u00e7, \u0130svi\u00e7re ve T\u00fcrkiye\u2019nin dahil oldu\u011fu b\u00f6lgede yap\u0131lan bir ara\u015ft\u0131rmada 238 bin insan\u0131n hava kirlili\u011fine ba\u011fl\u0131 olarak erken \u00f6ld\u00fc\u011f\u00fc belirtilmi\u015fti.<\/p>\n","protected":false},"excerpt":{"rendered":"<p>Avrupa \u00c7evre Ajans\u0131&#8217;n\u0131n yay\u0131nlad\u0131\u011f\u0131 raporda hava kirlili\u011finin binlerce insan\u0131n erken \u00f6l\u00fcm\u00fcne neden oldu\u011fu belirlendi.<\/p>\n","protected":false},"author":1,"featured_media":79870,"comment_status":"closed","ping_status":"open","sticky":false,"template":"","format":"standard","meta":{"footnotes":""},"categories":[32],"tags":[226,519,5880],"class_list":["post-79869","post","type-post","status-publish","format-standard","has-post-thumbnail","hentry","category-teknoloji","tag-arastirma","tag-hava","tag-kirliligi"],"_links":{"self":[{"href":"https:\/\/haberulus.net\/index.php?rest_route=\/wp\/v2\/posts\/79869","targetHints":{"allow":["GET"]}}],"collection":[{"href":"https:\/\/haberulus.net\/index.php?rest_route=\/wp\/v2\/posts"}],"about":[{"href":"https:\/\/haberulus.net\/index.php?rest_route=\/wp\/v2\/types\/post"}],"author":[{"embeddable":true,"href":"https:\/\/haberulus.net\/index.php?rest_route=\/wp\/v2\/users\/1"}],"replies":[{"embeddable":true,"href":"https:\/\/haberulus.net\/index.php?rest_route=%2Fwp%2Fv2%2Fcomments&post=79869"}],"version-history":[{"count":1,"href":"https:\/\/haberulus.net\/index.php?rest_route=\/wp\/v2\/posts\/79869\/revisions"}],"predecessor-version":[{"id":79871,"href":"https:\/\/haberulus.net\/index.php?rest_route=\/wp\/v2\/posts\/79869\/revisions\/79871"}],"wp:featuredmedia":[{"embeddable":true,"href":"https:\/\/haberulus.net\/index.php?rest_route=\/wp\/v2\/media\/79870"}],"wp:attachment":[{"href":"https:\/\/haberulus.net\/index.php?rest_route=%2Fwp%2Fv2%2Fmedia&parent=79869"}],"wp:term":[{"taxonomy":"category","embeddable":true,"href":"https:\/\/haberulus.net\/index.php?rest_route=%2Fwp%2Fv2%2Fcategories&post=79869"},{"taxonomy":"post_tag","embeddable":true,"href":"https:\/\/haberulus.net\/index.php?rest_route=%2Fwp%2Fv2%2Ftags&post=79869"}],"curies":[{"name":"wp","href":"https:\/\/api.w.org\/{rel}","templated":true}]}}