{"id":80269,"date":"2023-04-24T18:51:04","date_gmt":"2023-04-24T18:51:04","guid":{"rendered":"https:\/\/haberulus.net\/?p=80269"},"modified":"2023-04-24T18:51:04","modified_gmt":"2023-04-24T18:51:04","slug":"kktcden-sozlerinizi-tutun-cagrisi","status":"publish","type":"post","link":"https:\/\/haberulus.net\/?p=80269","title":{"rendered":"KKTC\u2019den \u2018s\u00f6zlerinizi tutun\u2019 \u00e7a\u011fr\u0131s\u0131"},"content":{"rendered":"<p>Gazetecilere a\u00e7\u0131klamalarda bulunan Tatar, Annan Plan\u0131\u2019n\u0131n referanduma g\u00f6t\u00fcr\u00fclmesinin \u00fczerinden 19 y\u0131l ge\u00e7ti\u011fini hat\u0131rlatarak, BM\u2019nin haz\u0131rlad\u0131\u011f\u0131 plana \u201cevet\u201d diyen taraf\u0131n \u00f6d\u00fcllendirilerek, \u201chay\u0131r\u201d diyen taraf\u0131n cezaland\u0131r\u0131laca\u011f\u0131 y\u00f6n\u00fcnde o d\u00f6nem BM, AB ve ABD taraf\u0131ndan a\u00e7\u0131klamalar yap\u0131ld\u0131\u011f\u0131n\u0131 aktard\u0131.<\/p>\n<p><strong>\u201cY\u00dcZLER\u0130NE VURMAYA DEVAM EDECE\u011e\u0130Z\u201d<\/strong><\/p>\n<p>K\u0131br\u0131s T\u00fcrk taraf\u0131n\u0131n referanduma \u00e7o\u011funlukla \u201cevet\u201d demesine ra\u011fmen KKTC\u2019ye uygulanan ambargo ve izolasyonlar\u0131n kalkmad\u0131\u011f\u0131na i\u015faret eden Tatar, \u201cAradan ge\u00e7en 19 y\u0131la ra\u011fmen verilen bu s\u00f6zler yerine getirilmezken, referandumun her y\u0131l d\u00f6n\u00fcm\u00fcnde verdikleri s\u00f6zleri hat\u0131rlatarak ger\u00e7ekleri y\u00fczlerine vurmaya devam edece\u011fiz. Ger\u00e7ek y\u00fczlerini g\u00f6sterece\u011fiz. BM, AB ve ABD\u2019ye \u00e7a\u011fr\u0131m: B\u00fct\u00fcn m\u00fczakere ve bar\u0131\u015f s\u00fcre\u00e7lerini dinamitleyen Rum y\u00f6netimi-Yunanistan ikilisini desteklemeyi b\u0131rak\u0131n. KKTC\u2019ye verdi\u011finiz s\u00f6zleri tutun.\u201d diye konu\u015ftu.<\/p>\n<p>Tatar, Annan Plan\u0131 referandumu ve 2017 y\u0131l\u0131nda Crans-Montana g\u00f6r\u00fc\u015fmelerinde ya\u015fananlar\u0131n, federal temele dayal\u0131 bir \u00e7\u00f6z\u00fcm\u00fcn m\u00fcmk\u00fcn olmad\u0131\u011f\u0131n\u0131 bir kez daha g\u00f6zler \u00f6n\u00fcne serdi\u011fini ifade etti.<\/p>\n<p>KKTC\u2019nin, T\u00fcrkiye\u2019nin deste\u011fiyle art\u0131k yeni bir siyaset benimsedi\u011fini kaydeden Tatar, federatif temele dayal\u0131 \u00e7\u00f6km\u00fc\u015f bir s\u00fcrece KKTC\u2019nin tekrar d\u00f6nmeyece\u011fine i\u015faret etti.<\/p>\n","protected":false},"excerpt":{"rendered":"<p>Kuzey K\u0131br\u0131s T\u00fcrk Cumhuriyeti (KKTC) Cumhurba\u015fkan\u0131 Ersin Tatar, K\u0131br\u0131s&#8217;ta 2 toplumlu federal devlet yap\u0131s\u0131n\u0131 \u00f6n g\u00f6ren Annan Plan\u0131 referandumunun 19. y\u0131l d\u00f6n\u00fcm\u00fcnde, Birle\u015fmi\u015f Milletler (BM), Avrupa Birli\u011fi (AB) ve ABD&#8217;ye \u00e7a\u011fr\u0131da bulunarak, K\u0131br\u0131s T\u00fcrklerine ambargo ve izolasyonlar\u0131n kald\u0131r\u0131laca\u011f\u0131 y\u00f6n\u00fcnde verilen s\u00f6zlerin tutulmas\u0131n\u0131 istedi.<\/p>\n","protected":false},"author":1,"featured_media":80270,"comment_status":"closed","ping_status":"open","sticky":false,"template":"","format":"standard","meta":{"footnotes":""},"categories":[24],"tags":[],"class_list":["post-80269","post","type-post","status-publish","format-standard","has-post-thumbnail","hentry","category-dunya"],"_links":{"self":[{"href":"https:\/\/haberulus.net\/index.php?rest_route=\/wp\/v2\/posts\/80269","targetHints":{"allow":["GET"]}}],"collection":[{"href":"https:\/\/haberulus.net\/index.php?rest_route=\/wp\/v2\/posts"}],"about":[{"href":"https:\/\/haberulus.net\/index.php?rest_route=\/wp\/v2\/types\/post"}],"author":[{"embeddable":true,"href":"https:\/\/haberulus.net\/index.php?rest_route=\/wp\/v2\/users\/1"}],"replies":[{"embeddable":true,"href":"https:\/\/haberulus.net\/index.php?rest_route=%2Fwp%2Fv2%2Fcomments&post=80269"}],"version-history":[{"count":1,"href":"https:\/\/haberulus.net\/index.php?rest_route=\/wp\/v2\/posts\/80269\/revisions"}],"predecessor-version":[{"id":80271,"href":"https:\/\/haberulus.net\/index.php?rest_route=\/wp\/v2\/posts\/80269\/revisions\/80271"}],"wp:featuredmedia":[{"embeddable":true,"href":"https:\/\/haberulus.net\/index.php?rest_route=\/wp\/v2\/media\/80270"}],"wp:attachment":[{"href":"https:\/\/haberulus.net\/index.php?rest_route=%2Fwp%2Fv2%2Fmedia&parent=80269"}],"wp:term":[{"taxonomy":"category","embeddable":true,"href":"https:\/\/haberulus.net\/index.php?rest_route=%2Fwp%2Fv2%2Fcategories&post=80269"},{"taxonomy":"post_tag","embeddable":true,"href":"https:\/\/haberulus.net\/index.php?rest_route=%2Fwp%2Fv2%2Ftags&post=80269"}],"curies":[{"name":"wp","href":"https:\/\/api.w.org\/{rel}","templated":true}]}}