{"id":80305,"date":"2023-04-24T20:21:03","date_gmt":"2023-04-24T20:21:03","guid":{"rendered":"https:\/\/haberulus.net\/?p=80305"},"modified":"2023-04-24T20:21:03","modified_gmt":"2023-04-24T20:21:03","slug":"dso-ve-ortaklarindan-covid-asisiyla-ilgili-yeni-kampanya","status":"publish","type":"post","link":"https:\/\/haberulus.net\/?p=80305","title":{"rendered":"DS\u00d6 ve ortaklar\u0131ndan Covid a\u015f\u0131s\u0131yla ilgili yeni kampanya"},"content":{"rendered":"<p>DS\u00d6\u2019den yap\u0131lan yaz\u0131l\u0131 a\u00e7\u0131klamada, DS\u00d6, Birle\u015fmi\u015f Milletler \u00c7ocuklara Yard\u0131m Fonu (UNICEF), Bill &#038; Melinda Gates Vakf\u0131, a\u015f\u0131 ittifak\u0131 GAVI ile di\u011fer k\u00fcresel ve b\u00f6lgesel sa\u011fl\u0131k ortaklar\u0131n\u0131n, milyonlarca \u00e7ocu\u011fun a\u015f\u0131lanmas\u0131 i\u00e7in DS\u00d6\u2019n\u00fcn \u201cBa\u011f\u0131\u015f\u0131klama G\u00fcndemi 2030\u201d stratejisi kapsam\u0131nda ba\u015flat\u0131lan kampanyaya kat\u0131ld\u0131\u011f\u0131 belirtildi.<\/p>\n<p><strong> HEDEFDE 100 \u00dcLKE VAR<\/strong><\/p>\n<p>A\u00e7\u0131klamada, kampanyan\u0131n salg\u0131n s\u00fcrecinde sa\u011fl\u0131k sistemlerine fazla y\u00fcklenilmesi nedeniyle 100\u2019den fazla \u00fclkede \u00e7ocuklar\u0131n a\u015f\u0131lama oran\u0131nda ya\u015fanan d\u00fc\u015f\u00fc\u015f\u00fc tersine \u00e7evirmeyi hedefledi\u011fi kaydedildi.<\/p>\n<p>A\u00e7\u0131klamada, salg\u0131n d\u00f6neminde uygulanan soka\u011fa \u00e7\u0131kma yasaklar\u0131 neticesinde insanlar\u0131n seyahat ve hizmetlere eri\u015fimlerinin k\u0131s\u0131tland\u0131\u011f\u0131 hat\u0131rlat\u0131l\u0131rken, bu durumun \u00e7ocuklarda a\u015f\u0131lama oran\u0131n\u0131n d\u00fc\u015fmesine de neden oldu\u011funa de\u011finildi.<\/p>\n<p><strong> 25 M\u0130LYONUN B\u0130R A\u015eISI EKS\u0130K<\/strong><\/p>\n<p>\u00c7at\u0131\u015fmalar, iklim krizi ve a\u015f\u0131lamada karars\u0131zl\u0131k gibi etkenlerin de a\u015f\u0131lama oran\u0131n\u0131n d\u00fc\u015fmesine sebep oldu\u011fu belirtilen a\u00e7\u0131klamada, \u00e7ocuklar\u0131n a\u015f\u0131lanmas\u0131nda \u201cen az\u0131ndan salg\u0131n \u00f6ncesi seviyelere ula\u015fmak\u201d istendi\u011fi aktar\u0131ld\u0131.<\/p>\n<p>Sadece 2021\u2019de 25 milyon \u00e7ocu\u011fun en az bir a\u015f\u0131s\u0131n\u0131n eksik oldu\u011fu kaydedilen a\u00e7\u0131klamada, \u201cK\u0131zam\u0131k, difteri, \u00e7ocuk felci ve sar\u0131 humma gibi \u00f6nlenebilir hastal\u0131k salg\u0131nlar\u0131 \u015fimdiden daha yayg\u0131n ve \u015fiddetli hale geldi. Kampanya, \u00e7ocuklar\u0131n a\u015f\u0131 ile \u00f6nlenebilir salg\u0131nlardan korumay\u0131, hayatlar\u0131n\u0131 kurtarmay\u0131 ve ulusal sa\u011fl\u0131k sistemlerini g\u00fc\u00e7lendirmeyi hedefliyor.\u201d ifadeleri yer ald\u0131.<\/p>\n<p>A\u00e7\u0131klamada, kampanyan\u0131n ortaklar\u0131n\u0131n, \u00e7ocukluk \u00e7a\u011f\u0131 a\u015f\u0131lamas\u0131nda ilerleme sa\u011flamak i\u00e7in sa\u011fl\u0131k hizmetleri i\u015f g\u00fcc\u00fcn\u00fc g\u00fc\u00e7lendirmek, sa\u011fl\u0131k hizmetlerini iyile\u015ftirmek, a\u015f\u0131lara y\u00f6nelik g\u00fcven ve talep olu\u015fturmak ile a\u015f\u0131laman\u0131n eski haline getirilmesindeki bo\u015fluklar\u0131 ve engelleri ele almak i\u00e7in \u00fclkelerle \u00e7al\u0131\u015faca\u011f\u0131 da kaydedildi.<\/p>\n<p><strong>\u201cH\u0130\u00c7B\u0130R \u00c7OCUK A\u015eIYLA \u00d6NLENEB\u0130L\u0130R B\u0130R HASTALIK NEDEN\u0130YLE \u00d6LMEMEL\u0130\u201d<\/strong><\/p>\n<p>A\u00e7\u0131klamada g\u00f6r\u00fc\u015flerine yer verilen DS\u00d6 Genel Sekreteri Tedros Adhanom Ghebreyesus, \u00f6zellikle d\u00fc\u015f\u00fck gelirli \u00fclkelerdeki milyonlarca \u00e7ocuk ve ergenin, \u00f6l\u00fcmc\u00fcl salg\u0131nlar\u0131n artt\u0131\u011f\u0131 d\u00f6nemde a\u015f\u0131 olamad\u0131\u011f\u0131na de\u011findi.<\/p>\n<p>DS\u00d6\u2019n\u00fcn onlarca \u00fclkede a\u015f\u0131lama ve di\u011fer sa\u011fl\u0131k hizmetlerinin eski haline d\u00f6nmesi i\u00e7in desteklerini s\u00fcrd\u00fcrd\u00fc\u011f\u00fcn\u00fc an\u0131msatan Ghebreyesus, a\u015f\u0131lamada eski seviyelere yeti\u015fmenin en \u00f6nemli \u00f6ncelik oldu\u011funu belirtti.<\/p>\n<p>Ghebreyesus, \u201cHi\u00e7bir \u00e7ocuk a\u015f\u0131yla \u00f6nlenebilir bir hastal\u0131k nedeniyle \u00f6lmemeli.\u201d ifadelerini kulland\u0131. (AA)<\/p>\n","protected":false},"excerpt":{"rendered":"<p>D\u00fcnya Sa\u011fl\u0131k \u00d6rg\u00fct\u00fc (DS\u00d6) ve ortaklar\u0131, Covid-19 s\u00fcrecinde \u00e7ocuklar aras\u0131nda d\u00fc\u015fen a\u015f\u0131lama oran\u0131n\u0131 art\u0131rmak i\u00e7in yeni bir kampanya ba\u015flatt\u0131.<\/p>\n","protected":false},"author":1,"featured_media":80306,"comment_status":"closed","ping_status":"open","sticky":false,"template":"","format":"standard","meta":{"footnotes":""},"categories":[30],"tags":[63,180,765,177,1099],"class_list":["post-80305","post","type-post","status-publish","format-standard","has-post-thumbnail","hentry","category-saglik","tag-aciklamada","tag-asi","tag-cocuk","tag-saglik","tag-salgin"],"_links":{"self":[{"href":"https:\/\/haberulus.net\/index.php?rest_route=\/wp\/v2\/posts\/80305","targetHints":{"allow":["GET"]}}],"collection":[{"href":"https:\/\/haberulus.net\/index.php?rest_route=\/wp\/v2\/posts"}],"about":[{"href":"https:\/\/haberulus.net\/index.php?rest_route=\/wp\/v2\/types\/post"}],"author":[{"embeddable":true,"href":"https:\/\/haberulus.net\/index.php?rest_route=\/wp\/v2\/users\/1"}],"replies":[{"embeddable":true,"href":"https:\/\/haberulus.net\/index.php?rest_route=%2Fwp%2Fv2%2Fcomments&post=80305"}],"version-history":[{"count":1,"href":"https:\/\/haberulus.net\/index.php?rest_route=\/wp\/v2\/posts\/80305\/revisions"}],"predecessor-version":[{"id":80307,"href":"https:\/\/haberulus.net\/index.php?rest_route=\/wp\/v2\/posts\/80305\/revisions\/80307"}],"wp:featuredmedia":[{"embeddable":true,"href":"https:\/\/haberulus.net\/index.php?rest_route=\/wp\/v2\/media\/80306"}],"wp:attachment":[{"href":"https:\/\/haberulus.net\/index.php?rest_route=%2Fwp%2Fv2%2Fmedia&parent=80305"}],"wp:term":[{"taxonomy":"category","embeddable":true,"href":"https:\/\/haberulus.net\/index.php?rest_route=%2Fwp%2Fv2%2Fcategories&post=80305"},{"taxonomy":"post_tag","embeddable":true,"href":"https:\/\/haberulus.net\/index.php?rest_route=%2Fwp%2Fv2%2Ftags&post=80305"}],"curies":[{"name":"wp","href":"https:\/\/api.w.org\/{rel}","templated":true}]}}