{"id":80314,"date":"2023-04-24T20:37:04","date_gmt":"2023-04-24T20:37:04","guid":{"rendered":"https:\/\/haberulus.net\/?p=80314"},"modified":"2023-04-24T20:37:04","modified_gmt":"2023-04-24T20:37:04","slug":"arda-guler-tahammul-edecek-gucumuz-kalmadi","status":"publish","type":"post","link":"https:\/\/haberulus.net\/?p=80314","title":{"rendered":"Arda G\u00fcler: Tahamm\u00fcl edecek g\u00fcc\u00fcm\u00fcz kalmad\u0131"},"content":{"rendered":"<p>Spor Toto S\u00fcper Lig\u2019in 31. haftas\u0131nda Fenerbah\u00e7e, sahas\u0131nda oynad\u0131\u011f\u0131 ma\u00e7ta \u0130stanbulspor ile 3-3 berabere kald\u0131. Kar\u015f\u0131la\u015fmada iki gol kaydeden Fenerbah\u00e7e\u2019nin gen\u00e7 y\u0131ld\u0131z\u0131 Arda G\u00fcler, ma\u00e7 sonras\u0131 beIN Sports\u2019a a\u00e7\u0131klamalarda bulundu.<\/p>\n<p>Sahaya mutlak galibiyet i\u00e7in \u00e7\u0131kt\u0131klar\u0131n\u0131 belirten Arda G\u00fcler \u201cKesinlikle kazanmam\u0131z gereken bir ma\u00e7t\u0131. Kazanamad\u0131\u011f\u0131m\u0131z i\u00e7in att\u0131\u011f\u0131m gollerin bir \u00f6nemi yok. Galibiyetten ba\u015fka bir \u015feye tahamm\u00fcl edecek g\u00fcc\u00fcm\u00fcz kalmad\u0131. Taraftar\u0131m\u0131zdan \u00f6z\u00fcr diliyoruz. \u00c7ok mahcubuz\u201d dedi.<\/p>\n<p><img decoding=\"async\" src=\"https:\/\/i01.sozcucdn.com\/wp-content\/uploads\/2023\/04\/24\/depophotos_17918088.jpeg\" alt=\"\" title=\"\"><\/p>\n<p>Arda G\u00fcler, 15 A\u011fustos 2022 tarihinde tak\u0131m\u0131n\u0131n 6-0 kazand\u0131\u011f\u0131 Kas\u0131mpa\u015fa ma\u00e7\u0131nda 2 gol atarken, ligde daha sonra gol sevinci ya\u015famam\u0131\u015ft\u0131. S\u00f6z konusu s\u00fcrede Avrupa\u2019da ve kupada a\u011flar\u0131 sarsan y\u0131ld\u0131z oyuncu, ligde uzun s\u00fcre sonra gol sevinci ya\u015farken, yeniden bir ma\u00e7ta 2 gol atmay\u0131 da ba\u015fard\u0131.<\/p>\n<p>Arda G\u00fcler, ligdeki gol say\u0131s\u0131n\u0131 4\u2019e y\u00fckseltti.<\/p>\n","protected":false},"excerpt":{"rendered":"<p>Fenerbah\u00e7e&#8217;nin sahas\u0131nda \u0130stanbulspor ile oynad\u0131\u011f\u0131 kar\u015f\u0131la\u015fmada iki gol kaydeden Arda G\u00fcler, ma\u00e7\u0131n ard\u0131ndan yapt\u0131\u011f\u0131 a\u00e7\u0131klamada galip gelemedikleri i\u00e7in \u00e7ok mahcup olduklar\u0131n\u0131 s\u00f6yledi.<\/p>\n","protected":false},"author":1,"featured_media":80315,"comment_status":"closed","ping_status":"open","sticky":false,"template":"","format":"standard","meta":{"footnotes":""},"categories":[31],"tags":[323,290],"class_list":["post-80314","post","type-post","status-publish","format-standard","has-post-thumbnail","hentry","category-spor","tag-gol","tag-mac"],"_links":{"self":[{"href":"https:\/\/haberulus.net\/index.php?rest_route=\/wp\/v2\/posts\/80314","targetHints":{"allow":["GET"]}}],"collection":[{"href":"https:\/\/haberulus.net\/index.php?rest_route=\/wp\/v2\/posts"}],"about":[{"href":"https:\/\/haberulus.net\/index.php?rest_route=\/wp\/v2\/types\/post"}],"author":[{"embeddable":true,"href":"https:\/\/haberulus.net\/index.php?rest_route=\/wp\/v2\/users\/1"}],"replies":[{"embeddable":true,"href":"https:\/\/haberulus.net\/index.php?rest_route=%2Fwp%2Fv2%2Fcomments&post=80314"}],"version-history":[{"count":1,"href":"https:\/\/haberulus.net\/index.php?rest_route=\/wp\/v2\/posts\/80314\/revisions"}],"predecessor-version":[{"id":80316,"href":"https:\/\/haberulus.net\/index.php?rest_route=\/wp\/v2\/posts\/80314\/revisions\/80316"}],"wp:featuredmedia":[{"embeddable":true,"href":"https:\/\/haberulus.net\/index.php?rest_route=\/wp\/v2\/media\/80315"}],"wp:attachment":[{"href":"https:\/\/haberulus.net\/index.php?rest_route=%2Fwp%2Fv2%2Fmedia&parent=80314"}],"wp:term":[{"taxonomy":"category","embeddable":true,"href":"https:\/\/haberulus.net\/index.php?rest_route=%2Fwp%2Fv2%2Fcategories&post=80314"},{"taxonomy":"post_tag","embeddable":true,"href":"https:\/\/haberulus.net\/index.php?rest_route=%2Fwp%2Fv2%2Ftags&post=80314"}],"curies":[{"name":"wp","href":"https:\/\/api.w.org\/{rel}","templated":true}]}}