{"id":80413,"date":"2023-04-25T06:51:04","date_gmt":"2023-04-25T06:51:04","guid":{"rendered":"https:\/\/haberulus.net\/?p=80413"},"modified":"2023-04-25T06:51:04","modified_gmt":"2023-04-25T06:51:04","slug":"atinada-cifte-secim-heyecani-sandiga-gitmeye-hazirlanan-ulkenin-gozu-turkiyede","status":"publish","type":"post","link":"https:\/\/haberulus.net\/?p=80413","title":{"rendered":"Atina\u2019da \u00e7ifte se\u00e7im heyecan\u0131: Sand\u0131\u011fa gitmeye haz\u0131rlanan \u00fclkenin g\u00f6z\u00fc T\u00fcrkiye\u2019de"},"content":{"rendered":"<p>T\u00fcrkiye gibi Yunanistan da, may\u0131s ay\u0131nda genel se\u00e7imler i\u00e7in sand\u0131\u011fa gidecek. 21 May\u0131s&#8217;ta d\u00fczenlenecek se\u00e7imler \u00f6ncesinde Atina, T\u00fcrkiye&#8217;deki se\u00e7imleri de yak\u0131ndan takip ediyor.<\/p>\n<p>\u00dclkenin \u00f6nde gelen yay\u0131n organlar\u0131ndan Kathimerini gazetesinde yay\u0131nlanan bir analizde, se\u00e7im s\u00fcrecinde Yunanistan&#8217;da d\u0131\u015f politikan\u0131n aksamamas\u0131 ve T\u00fcrkiye ile son d\u00f6nemde yumu\u015fayan ili\u015fkilerin devam\u0131 i\u00e7in yo\u011fun \u00e7al\u0131\u015fma y\u00fcr\u00fct\u00fcld\u00fc\u011f\u00fc belirtildi. Vassilis Nedos imzal\u0131 yaz\u0131da, iki \u00fclkedeki se\u00e7im s\u00fcrecinin T\u00fcrk-Yunan ili\u015fkilerinde k\u00f6t\u00fc bir s\u00fcrprize yol a\u00e7mamas\u0131 i\u00e7in b\u00fcy\u00fck \u00e7aba harcand\u0131\u011f\u0131 kaydedildi.<\/p>\n<p><strong>YUNAN\u0130STAN\u2019DAN 2 SENARYO<\/strong><\/p>\n<p>Atina&#8217;n\u0131n \u00fclkede Yeni Demokrasi ve Kiriakos Mi\u00e7otakis iktidar\u0131n\u0131n de\u011fi\u015fmesi halinde d\u0131\u015f politikada ve T\u00fcrkiye&#8217;yle ili\u015fkilerde bir aksama ya\u015fanmamas\u0131 i\u00e7in \u00f6nlemler ald\u0131\u011f\u0131n\u0131 aktaran Kathimerini, her durumda savunma ve d\u0131\u015fi\u015fleri bakanl\u0131\u011f\u0131 gibi kritik g\u00f6revlere T\u00fcrkiye konusunda uzman ve deneyimli isimlerin d\u00fc\u015f\u00fcn\u00fcld\u00fc\u011f\u00fcn\u00fc yazd\u0131.<\/p>\n<p>Gazete ayr\u0131ca Yunan ordusunda da herhangi bir sorun ya\u015fanmamas\u0131 i\u00e7in dan\u0131\u015fmanlar g\u00f6revlendirilece\u011fine dikkat \u00e7ekti.<\/p>\n<p>Habere g\u00f6re Yunanistan a\u00e7\u0131s\u0131ndan en \u00f6nemli mesele, T\u00fcrkiye&#8217;deki se\u00e7imlerin ne getirece\u011fi. T\u00fcrkiye se\u00e7imlerinin Yunanistan d\u0131\u015f politikas\u0131 i\u00e7in \u00e7ok \u00f6nemli oldu\u011fu yorumunu yapan Kathimerini, Cumhurba\u015fkan\u0131 Tayyip Erdo\u011fan&#8217;\u0131n se\u00e7ilmesinin b\u00fcy\u00fck bir de\u011fi\u015fim getirmeyece\u011fini ancak Kemal K\u0131l\u0131\u00e7daro\u011flu&#8217;nun kazanmas\u0131yla T\u00fcrk d\u0131\u015f politikas\u0131nda nas\u0131l bir yol izlenece\u011finin tam olarak bilinmedi\u011fini belirtti.<\/p>\n<p>Gazete, son d\u00f6nemde d\u00fczelen ili\u015fkilerin korunmas\u0131n\u0131n Atina i\u00e7in kritik \u00f6nemde oldu\u011funu vurgulad\u0131.<\/p>\n","protected":false},"excerpt":{"rendered":"<p>Yunanistan\u2019da 21 May\u0131s\u2019ta d\u00fczenlenecek se\u00e7imler \u00f6ncesinde d\u0131\u015f politika alan\u0131nda yo\u011fun bir mesai y\u00fcr\u00fct\u00fcl\u00fcyor. T\u00fcrkiye\u2019deki se\u00e7imlere odaklanan \u00fclke, T\u00fcrk d\u0131\u015f politikas\u0131nda ya\u015fanacak olas\u0131 de\u011fi\u015fime kilitlenmi\u015f durumda.<\/p>\n","protected":false},"author":1,"featured_media":80414,"comment_status":"closed","ping_status":"open","sticky":false,"template":"","format":"standard","meta":{"footnotes":""},"categories":[24],"tags":[2667,5074,15,656],"class_list":["post-80413","post","type-post","status-publish","format-standard","has-post-thumbnail","hentry","category-dunya","tag-dis","tag-secimler","tag-turkiye","tag-yunanistan"],"_links":{"self":[{"href":"https:\/\/haberulus.net\/index.php?rest_route=\/wp\/v2\/posts\/80413","targetHints":{"allow":["GET"]}}],"collection":[{"href":"https:\/\/haberulus.net\/index.php?rest_route=\/wp\/v2\/posts"}],"about":[{"href":"https:\/\/haberulus.net\/index.php?rest_route=\/wp\/v2\/types\/post"}],"author":[{"embeddable":true,"href":"https:\/\/haberulus.net\/index.php?rest_route=\/wp\/v2\/users\/1"}],"replies":[{"embeddable":true,"href":"https:\/\/haberulus.net\/index.php?rest_route=%2Fwp%2Fv2%2Fcomments&post=80413"}],"version-history":[{"count":1,"href":"https:\/\/haberulus.net\/index.php?rest_route=\/wp\/v2\/posts\/80413\/revisions"}],"predecessor-version":[{"id":80415,"href":"https:\/\/haberulus.net\/index.php?rest_route=\/wp\/v2\/posts\/80413\/revisions\/80415"}],"wp:featuredmedia":[{"embeddable":true,"href":"https:\/\/haberulus.net\/index.php?rest_route=\/wp\/v2\/media\/80414"}],"wp:attachment":[{"href":"https:\/\/haberulus.net\/index.php?rest_route=%2Fwp%2Fv2%2Fmedia&parent=80413"}],"wp:term":[{"taxonomy":"category","embeddable":true,"href":"https:\/\/haberulus.net\/index.php?rest_route=%2Fwp%2Fv2%2Fcategories&post=80413"},{"taxonomy":"post_tag","embeddable":true,"href":"https:\/\/haberulus.net\/index.php?rest_route=%2Fwp%2Fv2%2Ftags&post=80413"}],"curies":[{"name":"wp","href":"https:\/\/api.w.org\/{rel}","templated":true}]}}