{"id":80473,"date":"2023-04-25T08:05:07","date_gmt":"2023-04-25T08:05:07","guid":{"rendered":"https:\/\/haberulus.net\/?p=80473"},"modified":"2023-04-25T08:05:07","modified_gmt":"2023-04-25T08:05:07","slug":"abdnin-eski-ankara-buyukelcisinden-turkiye-secimleriyle-ilgili-ayrintili-yorum","status":"publish","type":"post","link":"https:\/\/haberulus.net\/?p=80473","title":{"rendered":"ABD\u2019nin eski Ankara B\u00fcy\u00fckel\u00e7isinden T\u00fcrkiye se\u00e7imleriyle ilgili ayr\u0131nt\u0131l\u0131 yorum"},"content":{"rendered":"<p>T\u00fcrkiye&#8217;de 14 May\u0131s&#8217;ta yap\u0131lacak cumhurba\u015fkanl\u0131\u011f\u0131 ve meclis se\u00e7imleri, ABD&#8217;de de yak\u0131ndan izleniyor.<\/p>\n<p>ABD&#8217;nin eski Ankara B\u00fcy\u00fckel\u00e7isi David Satterfield, T\u00fcrkiye\u2019deki se\u00e7im s\u00fcreciyle ilgili VOA T\u00fcrk\u00e7e&#8217;nin sorular\u0131n\u0131 yan\u0131tlad\u0131. 2019 A\u011fustos ay\u0131ndan \u015fu anki B\u00fcy\u00fckel\u00e7i Jeff Flake&#8217;in g\u00f6reve ba\u015flad\u0131\u011f\u0131 2022 Ocak ay\u0131na kadar T\u00fcrkiye&#8217;de b\u00fcy\u00fckel\u00e7ilik koltu\u011funda oturan Satterfield, 1950&#8217;den bu yana \u201c\u00e7a\u011fda\u015f T\u00fcrkiye tarihindeki en belirleyici se\u00e7imin yap\u0131laca\u011f\u0131n\u0131\u201d s\u00f6yledi.<\/p>\n<p><strong>\u2018T\u00dcRK\u0130YE\u2019N\u0130N B\u00d6LGESEL KONUMUNU ETK\u0130LEYECEK\u2019<\/strong><\/p>\n<p>\u201cT\u00fcrklerin tam ve eksiksiz geli\u015fen bir demokraside ya\u015famay\u0131 hak etti\u011fine inan\u0131yoruz\u201d diyen Satterfield, \u201cBu se\u00e7imler T\u00fcrkiye\u2019nin ekonomik gelece\u011fini ve T\u00fcrk halk\u0131n\u0131n refah\u0131n\u0131 belirleyecek. T\u00fcrkiye\u2019nin hem b\u00f6lgedeki hem de \u00f6tesindeki stat\u00fcs\u00fcn\u00fc ve bir NATO orta\u011f\u0131 olarak konumunu da etkileyecek\u201d ifadelerini kulland\u0131.<\/p>\n<div><img decoding=\"async\" src=\"https:\/\/i01.sozcucdn.com\/wp-content\/uploads\/2023\/04\/25\/satterfield-depo2-660x440.jpg\" alt=\"\" title=\"\"><\/p>\n<p>Satterfield, CHP lideri Kemal K\u0131l\u0131\u00e7daro\u011flu ile<\/p>\n<\/div>\n<p>Eski B\u00fcy\u00fckel\u00e7i Satterfield, \u201cT\u00fcrkiye\u2019de se\u00e7im s\u00fcre\u00e7lerine ili\u015fkin siyasi co\u015fku ve kat\u0131l\u0131m d\u00fczeyi, Avrupa standartlar\u0131na g\u00f6re bile her zaman son derece y\u00fcksek olmu\u015ftur. T\u00fcrkler \u00fclkelerinin demokratik kurumlar\u0131na kat\u0131lmak istiyorlar ve bunu son 10 y\u0131lda bu \u00f6zg\u00fcrl\u00fckleri, bu demokratik kurumlar\u0131 k\u0131s\u0131tlamak ve \u00e7arp\u0131tmak i\u00e7in a\u015famal\u0131 olarak at\u0131lan ad\u0131mlara ra\u011fmen yap\u0131yorlar. \u00d6n\u00fcm\u00fczdeki se\u00e7imlerin T\u00fcrk halk\u0131n\u0131n g\u00f6r\u00fc\u015flerini ger\u00e7ekten yans\u0131tan bir sonu\u00e7 verece\u011fine ger\u00e7ekten inan\u0131yorum\u201d dedi.<\/p>\n<p><strong>DEMOKRAS\u0130 VE \u0130FADE \u00d6ZG\u00dcRL\u00dc\u011e\u00dc VURGUSU<\/strong><\/p>\n<p>VOA T\u00fcrk\u00e7e\u2019nin \u201c\u00d6zellikle se\u00e7imler ba\u011flam\u0131nda T\u00fcrkiye\u2019de demokrasi ve insan haklar\u0131n\u0131n durumunu nas\u0131l g\u00f6r\u00fcyorsunuz?\u201d sorusuna Satterfield, AKP iktidar\u0131nda artan otoriterle\u015fmeye dikkat \u00e7ekerek yan\u0131t verdi: \u201cABD h\u00fck\u00fcmeti, T\u00fcrkiye\u2019de son 10 y\u0131lda ekonomi dahil kamusal ya\u015fam\u0131n t\u00fcm alanlar\u0131nda otoritenin merkezile\u015fmesi yoluyla artan otoriterlikten duydu\u011fu kayg\u0131y\u0131 ifade etti. Kamusal hayata kat\u0131l\u0131m, ifade \u00f6zg\u00fcrl\u00fc\u011f\u00fc ve gruplar\u0131n \u00f6rg\u00fctlenme kabiliyetleri \u00fczerindeki k\u0131s\u0131tlamalara ili\u015fkin endi\u015felerimizi dile getirdik. \u00d6nemli siyasi fig\u00fcrlerin haks\u0131z yere hapse at\u0131lmas\u0131ndan duydu\u011fumuz endi\u015feyi ge\u00e7mi\u015fte ba\u015fka \u00fclkelerle birlikte payla\u015ft\u0131k. T\u00fcrklerin tam ve eksiksiz geli\u015fen bir demokraside ya\u015famay\u0131 hak etti\u011fine inan\u0131yoruz.\u201d<\/p>\n<p><img decoding=\"async\" src=\"https:\/\/i01.sozcucdn.com\/wp-content\/uploads\/2023\/04\/25\/satterfield-depo-660x440.jpg\" alt=\"\" title=\"\"><\/p>\n<p>\u201cT\u00fcrkiye, ABD&#8217;nin hayati bir siyasi orta\u011f\u0131\u201d diye konu\u015fan\u00a0Satterfield,\u00a0\u201cH\u00fck\u00fcmet ve cumhurba\u015fkan\u0131 de\u011fi\u015firse S-400\u2019ler ve Suriye meselelerinin \u00e7\u00f6z\u00fclece\u011fini d\u00fc\u015f\u00fcn\u00fcyor musunuz?\u201d sorusuna da \u015fu yan\u0131t\u0131 verdi:<\/p>\n<p>\u201cA\u00e7\u0131k\u00e7as\u0131 Suriye ve PKK konusundaki d\u0131\u015f sorunlarla ilgili politikan\u0131n b\u00fcy\u00fck \u00f6l\u00e7\u00fcde ayn\u0131 kalaca\u011f\u0131n\u0131 d\u00fc\u015f\u00fcn\u00fcyorum. S-400 konusunda ise bir \u00e7\u00f6z\u00fcm bulunabilece\u011fi konusunda kesinlikle umutluyuz ve bunun T\u00fcrkiye\u2019nin ulusal ihtiya\u00e7lar\u0131n\u0131 ve ABD ile NATO\u2019nun gereksinimlerini kar\u015f\u0131layacak \u015fekilde yap\u0131labilece\u011fi yollar var. Ancak bu konudaki karar\u0131 \u015fimdiki h\u00fck\u00fcmete ya da kurulacak yeni h\u00fck\u00fcmete b\u0131rak\u0131yorum. Bu konuda spek\u00fclasyon yapmak i\u00e7in biraz erken.\u201d<\/p>\n","protected":false},"excerpt":{"rendered":"<p>Son y\u0131llarda Washington-Ankara hatt\u0131nda ya\u015fanan gerilimlerin \u00f6nemli bir b\u00f6l\u00fcm\u00fcne yak\u0131ndan tan\u0131kl\u0131k eden isimlerden biri olan ABD\u2019nin eski Ankara B\u00fcy\u00fckel\u00e7isi David Satterfield, T\u00fcrkiye&#8217;deki se\u00e7imlerle ilgili \u00f6nemli a\u00e7\u0131klamalarda bulundu.<\/p>\n","protected":false},"author":1,"featured_media":80474,"comment_status":"closed","ping_status":"open","sticky":false,"template":"","format":"standard","meta":{"footnotes":""},"categories":[24],"tags":[11,11208,320,87,15],"class_list":["post-80473","post","type-post","status-publish","format-standard","has-post-thumbnail","hentry","category-dunya","tag-abd","tag-satterfield","tag-secim","tag-turk","tag-turkiye"],"_links":{"self":[{"href":"https:\/\/haberulus.net\/index.php?rest_route=\/wp\/v2\/posts\/80473","targetHints":{"allow":["GET"]}}],"collection":[{"href":"https:\/\/haberulus.net\/index.php?rest_route=\/wp\/v2\/posts"}],"about":[{"href":"https:\/\/haberulus.net\/index.php?rest_route=\/wp\/v2\/types\/post"}],"author":[{"embeddable":true,"href":"https:\/\/haberulus.net\/index.php?rest_route=\/wp\/v2\/users\/1"}],"replies":[{"embeddable":true,"href":"https:\/\/haberulus.net\/index.php?rest_route=%2Fwp%2Fv2%2Fcomments&post=80473"}],"version-history":[{"count":1,"href":"https:\/\/haberulus.net\/index.php?rest_route=\/wp\/v2\/posts\/80473\/revisions"}],"predecessor-version":[{"id":80475,"href":"https:\/\/haberulus.net\/index.php?rest_route=\/wp\/v2\/posts\/80473\/revisions\/80475"}],"wp:featuredmedia":[{"embeddable":true,"href":"https:\/\/haberulus.net\/index.php?rest_route=\/wp\/v2\/media\/80474"}],"wp:attachment":[{"href":"https:\/\/haberulus.net\/index.php?rest_route=%2Fwp%2Fv2%2Fmedia&parent=80473"}],"wp:term":[{"taxonomy":"category","embeddable":true,"href":"https:\/\/haberulus.net\/index.php?rest_route=%2Fwp%2Fv2%2Fcategories&post=80473"},{"taxonomy":"post_tag","embeddable":true,"href":"https:\/\/haberulus.net\/index.php?rest_route=%2Fwp%2Fv2%2Ftags&post=80473"}],"curies":[{"name":"wp","href":"https:\/\/api.w.org\/{rel}","templated":true}]}}