{"id":80716,"date":"2023-04-25T13:37:03","date_gmt":"2023-04-25T13:37:03","guid":{"rendered":"https:\/\/haberulus.net\/?p=80716"},"modified":"2023-04-25T13:37:03","modified_gmt":"2023-04-25T13:37:03","slug":"wsj-kayseride-secmenlerle-konustu-bicak-sirti-bir-secim","status":"publish","type":"post","link":"https:\/\/haberulus.net\/?p=80716","title":{"rendered":"WSJ, Kayseri\u2019de se\u00e7menlerle konu\u015ftu: \u2018B\u0131\u00e7ak s\u0131rt\u0131 bir se\u00e7im\u2019"},"content":{"rendered":"<p>D\u00fcnya bas\u0131n\u0131 T\u00fcrkiye&#8217;de 14 May\u0131s&#8217;ta d\u00fczenlenecek kritik se\u00e7imleri yak\u0131ndan takip ederken bir\u00e7ok gazete, Cumhurba\u015fkan\u0131 Erdo\u011fan&#8217;\u0131n ekonomik kriz ve deprem felaketi nedeniyle g\u00fc\u00e7 kaybetti\u011fine dikkat \u00e7eken analizler yay\u0131nl\u0131yor.<\/p>\n<p>ABD&#8217;nin \u00f6nde gelen yay\u0131nlar\u0131ndan Wall Street Journal, \u201cErdo\u011fan, ekonomi nedeniyle en zorlu se\u00e7im s\u00fcreciyle kar\u015f\u0131 kar\u015f\u0131ya\u201d ba\u015fl\u0131kl\u0131 bir se\u00e7im analizi yay\u0131nlad\u0131.<\/p>\n<p>AKP&#8217;nin g\u00fc\u00e7l\u00fc oldu\u011fu kentlerden Kayseri&#8217;de se\u00e7menin nabz\u0131n\u0131 tutan gazete, Erdo\u011fan&#8217;\u0131n ekonomi y\u00f6netimine artan \u00f6fkenin ve y\u00fcksek enflasyonun AKP&#8217;nin taban\u0131n\u0131 da etkiledi\u011fine dikkat \u00e7ekti. Muhafazakar se\u00e7menin yo\u011fun oldu\u011fu Kayseri&#8217;de Erdo\u011fan&#8217;a deste\u011fin belirsiz oldu\u011funu yazan WSJ&#8217;ye konu\u015fan kentteki AKP y\u00f6neticilerinden Mustafa Seven, \u201cBu defaki b\u0131\u00e7ak s\u0131rt\u0131 bir se\u00e7im. Kaybedece\u011fimizi sanm\u0131yorum ama o kadar rahat da de\u011filiz\u201d dedi.<\/p>\n<p><strong>\u2018SE\u00c7MEN AKP\u2019DEN UZAKLA\u015eTI\u2019<\/strong><\/p>\n<p>Kayseri Sanayici ve \u0130\u015fadamlar\u0131 Derne\u011fi Ba\u015fkan\u0131 \u0130brahim Y\u0131lmaz ise \u201cEkonomi yava\u015fl\u0131yor. Enflasyon en \u00f6nemli etken. \u0130nsanlar\u0131n cebinde para kalmad\u0131\u201d diyerek krizin se\u00e7meni h\u00fck\u00fcmetten uzakla\u015ft\u0131rd\u0131\u011f\u0131n\u0131 ifade etti.<\/p>\n<p>ABD gazetesine konu\u015fan Kayseri&#8217;de esnafl\u0131k yapan bir ki\u015fi de daha \u00f6nce AKP&#8217;ye oy verdi\u011fini ama ekonominin durumu nedeniyle bu defa muhalefeti destekleyece\u011fini s\u00f6yleyerek \u201cH\u00fck\u00fcmet pembe bir tablo \u00e7iziyor ama ger\u00e7ek ba\u015fka\u201d diye konu\u015ftu.<\/p>\n<p>Wall Street Journal, son y\u0131llarda Erdo\u011fan&#8217;\u0131n ekonomi \u00fczerindeki kontrol\u00fcn\u00fc art\u0131rd\u0131\u011f\u0131na dikkat \u00e7ekerek faizlerin art arda d\u00fc\u015fmesinin d\u00f6viz krizine ve TL&#8217;de h\u0131zl\u0131 dolar kayb\u0131na yol a\u00e7t\u0131\u011f\u0131 yorumunu da yapt\u0131. Sanayicinin ve ihracat\u00e7\u0131lar\u0131n da krizden b\u00fcy\u00fck yara ald\u0131\u011f\u0131 kaydedilen haberde, ekonomideki s\u0131k\u0131nt\u0131lar\u0131n Erdo\u011fan&#8217;\u0131 daha \u00f6nce iktidara ta\u015f\u0131yan partizanl\u0131\u011f\u0131 zay\u0131flatt\u0131\u011f\u0131 g\u00f6r\u00fc\u015f\u00fc yer ald\u0131.<\/p>\n","protected":false},"excerpt":{"rendered":"<p>T\u00fcrkiye\u2019de se\u00e7im yakla\u015ft\u0131k\u00e7a d\u00fcnya bas\u0131n\u0131nda da T\u00fcrkiye \u00fczerine analizler art\u0131yor. Wall Street Journal, AKP&#8217;nin kalelerinden Kayseri&#8217;de se\u00e7menin nabz\u0131n\u0131 tuttu.<\/p>\n","protected":false},"author":1,"featured_media":80717,"comment_status":"closed","ping_status":"open","sticky":false,"template":"","format":"standard","meta":{"footnotes":""},"categories":[24],"tags":[104,516],"class_list":["post-80716","post","type-post","status-publish","format-standard","has-post-thumbnail","hentry","category-dunya","tag-akp","tag-ekonomi"],"_links":{"self":[{"href":"https:\/\/haberulus.net\/index.php?rest_route=\/wp\/v2\/posts\/80716","targetHints":{"allow":["GET"]}}],"collection":[{"href":"https:\/\/haberulus.net\/index.php?rest_route=\/wp\/v2\/posts"}],"about":[{"href":"https:\/\/haberulus.net\/index.php?rest_route=\/wp\/v2\/types\/post"}],"author":[{"embeddable":true,"href":"https:\/\/haberulus.net\/index.php?rest_route=\/wp\/v2\/users\/1"}],"replies":[{"embeddable":true,"href":"https:\/\/haberulus.net\/index.php?rest_route=%2Fwp%2Fv2%2Fcomments&post=80716"}],"version-history":[{"count":1,"href":"https:\/\/haberulus.net\/index.php?rest_route=\/wp\/v2\/posts\/80716\/revisions"}],"predecessor-version":[{"id":80718,"href":"https:\/\/haberulus.net\/index.php?rest_route=\/wp\/v2\/posts\/80716\/revisions\/80718"}],"wp:featuredmedia":[{"embeddable":true,"href":"https:\/\/haberulus.net\/index.php?rest_route=\/wp\/v2\/media\/80717"}],"wp:attachment":[{"href":"https:\/\/haberulus.net\/index.php?rest_route=%2Fwp%2Fv2%2Fmedia&parent=80716"}],"wp:term":[{"taxonomy":"category","embeddable":true,"href":"https:\/\/haberulus.net\/index.php?rest_route=%2Fwp%2Fv2%2Fcategories&post=80716"},{"taxonomy":"post_tag","embeddable":true,"href":"https:\/\/haberulus.net\/index.php?rest_route=%2Fwp%2Fv2%2Ftags&post=80716"}],"curies":[{"name":"wp","href":"https:\/\/api.w.org\/{rel}","templated":true}]}}