{"id":80773,"date":"2023-04-25T15:05:02","date_gmt":"2023-04-25T15:05:02","guid":{"rendered":"https:\/\/haberulus.net\/?p=80773"},"modified":"2023-04-25T15:05:02","modified_gmt":"2023-04-25T15:05:02","slug":"economist-dergisinden-9-sayfalik-secim-raporu-iste-14-mayista-ipi-gogusleyecek-dedikleri-aday","status":"publish","type":"post","link":"https:\/\/haberulus.net\/?p=80773","title":{"rendered":"Economist dergisinden 9 sayfal\u0131k se\u00e7im raporu! \u0130\u015fte &#8220;14 May\u0131s&#8217;ta ipi g\u00f6\u011f\u00fcsleyecek&#8221; dedikleri aday"},"content":{"rendered":"<p>14 May\u0131s tarihinde yap\u0131lacak se\u00e7imlere art\u0131k g\u00fcnler kald\u0131. Bu ba\u011flamda hem iktidar hem de muhalefet kanad\u0131 sahadaki \u00e7al\u0131\u015fmalar\u0131n\u0131 t\u00fcm h\u0131z\u0131yla s\u00fcrd\u00fcr\u00fcyor. D\u00fcnya bas\u0131n\u0131 da T\u00fcrkiye&#8217;de yap\u0131lacak se\u00e7imleri ilgiyle takip ediyor.<\/p>\n<p><b>&#8220;ERDO\u011eAN&#8217;IN KAZANMASINI BEKL\u0130YORUZ&#8221;<\/b><\/p>\n<p>Se\u00e7imlerle ilgili bir yeni rapor da Economist Intelligence Unit&#8217;den geldi Economist konuyla ilgili tam 9 sayfal\u0131k bir rapor yay\u0131nlad\u0131. S\u00f6z konusu raporda T\u00fcrkiye&#8217;deki cumhurba\u015fkanl\u0131\u011f\u0131 se\u00e7imlerinde olas\u0131 kazanan\u0131 ve sonras\u0131nda ya\u015fanacaklar ele al\u0131nd\u0131. Economist yay\u0131mlad\u0131\u011f\u0131 raporun daha ilk c\u00fcmlesinde se\u00e7im gecesi ipi Cumhurba\u015fkan\u0131 Erdo\u011fan&#8217;\u0131n g\u00f6\u011f\u00fcsleyece\u011fini belirterek &#8220;Cumhurba\u015fkanl\u0131\u011f\u0131 se\u00e7imlerinde Recep Tayyip Erdo\u011fan&#8217;\u0131n kazanmas\u0131n\u0131 bekliyoruz&#8221; dedi.<\/p>\n<p><b>HDP DETAYI D\u0130KKAT \u00c7EKT\u0130 <\/b><\/p>\n<p>Analizin devam\u0131nda Cumhurba\u015fkan\u0131 Erdo\u011fan&#8217;\u0131n se\u00e7imlerde &#8216;ideolojileri farkl\u0131 olan muhalefet koalisyonuna&#8217; kar\u015f\u0131 yar\u0131\u015ft\u0131\u011f\u0131 belirtildi ve HDP&#8217;nin de Millet \u0130ttifak\u0131&#8217;na olan deste\u011fine yer verildi. Bu koalisyona ra\u011fmen &#8220;Say\u0131n Erdo\u011fan&#8217;\u0131n iktidar\u0131n\u0131 devam ettirece\u011fini d\u00fc\u015f\u00fcn\u00fcyoruz&#8221; diyen Economist, Erdo\u011fan&#8217;\u0131n son g\u00fcnlerde &#8220;se\u00e7im ekonomisi&#8221; taktiklerine ge\u00e7i\u015f yapt\u0131\u011f\u0131n\u0131 belirtti. Economist, Cumhurba\u015fkan\u0131 Erdo\u011fan&#8217;\u0131n d\u00fc\u015f\u00fck faizli kredi, EYT ve emekli zamm\u0131, \u00f6denmemi\u015f vergi, ceza ve devlete olan di\u011fer bor\u00e7lar\u0131n yeniden yap\u0131land\u0131r\u0131lmas\u0131 konular\u0131yla r\u00fczgar\u0131 arkas\u0131na ald\u0131\u011f\u0131n\u0131 aktard\u0131.<\/p>\n<p><b>DI\u015e POL\u0130T\u0130KAYA VURGU YAPILDI <\/b><\/p>\n<p>Raporun son k\u0131s\u0131mlar\u0131nda ise T\u00fcrkiye&#8217;nin d\u0131\u015f politikada edindi\u011fi tutuma yer verildi. T\u00fcrkiye&#8217;nin Rusya ile ili\u015fkilerinin derinle\u015fti\u011fini belirten Economist, Rusya-Ukrayna sava\u015f\u0131nda Erdo\u011fan&#8217;\u0131n bir ara bulucu rol\u00fc \u00fcstlendi\u011fini hat\u0131rlatt\u0131. Analizin devam\u0131nda Erdo\u011fan&#8217;\u0131n se\u00e7imleri kazanmas\u0131 durumunda \u0130sve\u00e7&#8217;in NATO durumu, Yunanistan ile ili\u015fkiler ve Suriye meselesinde T\u00fcrkiye&#8217;nin politikalar\u0131n\u0131n de\u011fi\u015fmeyece\u011fi belirtildi ve bat\u0131l\u0131 \u00fclkelerin bu konular i\u00e7in muhalefeti &#8216;tercih edece\u011fi&#8217; belirtildi.<\/p>\n","protected":false},"excerpt":{"rendered":"<p>D\u00fcnyan\u0131n g\u00f6z\u00fcn\u00fc \u00e7evirdi\u011fi 14 May\u0131s se\u00e7imleriyle ilgili son analiz Economist&#8217;ten geldi. \u0130ngiliz dergisi 9 sayfal\u0131k raporunda se\u00e7imlerde Cumhurba\u015fkan\u0131 Erdo\u011fan&#8217;\u0131n ipi g\u00f6\u011f\u00fcsleyece\u011fini belirterek &#8220;Cumhurba\u015fkanl\u0131\u011f\u0131 se\u00e7imlerinde Recep Tayyip Erdo\u011fan&#8217;\u0131n kazanmas\u0131n\u0131 bekliyoruz&#8221; ifadelerine yer verdi.<\/p>\n","protected":false},"author":1,"featured_media":80774,"comment_status":"closed","ping_status":"open","sticky":false,"template":"","format":"standard","meta":{"footnotes":""},"categories":[28],"tags":[5283,5164,1207,320],"class_list":["post-80773","post","type-post","status-publish","format-standard","has-post-thumbnail","hentry","category-politika","tag-economist","tag-erdoganin","tag-rapor","tag-secim"],"_links":{"self":[{"href":"https:\/\/haberulus.net\/index.php?rest_route=\/wp\/v2\/posts\/80773","targetHints":{"allow":["GET"]}}],"collection":[{"href":"https:\/\/haberulus.net\/index.php?rest_route=\/wp\/v2\/posts"}],"about":[{"href":"https:\/\/haberulus.net\/index.php?rest_route=\/wp\/v2\/types\/post"}],"author":[{"embeddable":true,"href":"https:\/\/haberulus.net\/index.php?rest_route=\/wp\/v2\/users\/1"}],"replies":[{"embeddable":true,"href":"https:\/\/haberulus.net\/index.php?rest_route=%2Fwp%2Fv2%2Fcomments&post=80773"}],"version-history":[{"count":1,"href":"https:\/\/haberulus.net\/index.php?rest_route=\/wp\/v2\/posts\/80773\/revisions"}],"predecessor-version":[{"id":80775,"href":"https:\/\/haberulus.net\/index.php?rest_route=\/wp\/v2\/posts\/80773\/revisions\/80775"}],"wp:featuredmedia":[{"embeddable":true,"href":"https:\/\/haberulus.net\/index.php?rest_route=\/wp\/v2\/media\/80774"}],"wp:attachment":[{"href":"https:\/\/haberulus.net\/index.php?rest_route=%2Fwp%2Fv2%2Fmedia&parent=80773"}],"wp:term":[{"taxonomy":"category","embeddable":true,"href":"https:\/\/haberulus.net\/index.php?rest_route=%2Fwp%2Fv2%2Fcategories&post=80773"},{"taxonomy":"post_tag","embeddable":true,"href":"https:\/\/haberulus.net\/index.php?rest_route=%2Fwp%2Fv2%2Ftags&post=80773"}],"curies":[{"name":"wp","href":"https:\/\/api.w.org\/{rel}","templated":true}]}}