{"id":80791,"date":"2023-04-25T15:19:04","date_gmt":"2023-04-25T15:19:04","guid":{"rendered":"https:\/\/haberulus.net\/?p=80791"},"modified":"2023-04-25T15:19:04","modified_gmt":"2023-04-25T15:19:04","slug":"sarigulun-aday-oldugu-ilde-yapilan-ankette-buyuk-surpriz-fark-3-puana-kadar-indi","status":"publish","type":"post","link":"https:\/\/haberulus.net\/?p=80791","title":{"rendered":"Sar\u0131g\u00fcl&#8217;\u00fcn aday oldu\u011fu ilde yap\u0131lan ankette b\u00fcy\u00fck s\u00fcrpriz! Fark 3 puana kadar indi"},"content":{"rendered":"<p><b>ERZ\u0130NCAN&#8217;DA ANKET YAPILDI <\/b><\/p>\n<p>Son olarak ALF Ara\u015ft\u0131rma 14-17 Nisan tarihleri aras\u0131nda T\u00fcrkiye De\u011fi\u015fim Partisi Genel Ba\u015fkan\u0131 Mustafa Sar\u0131g\u00fcl&#8217;\u00fcn CHP kontenjan\u0131ndan aday g\u00f6sterildi\u011fi Erzincan&#8217;da yapt\u0131\u011f\u0131 ara\u015ft\u0131rman\u0131n sonu\u00e7lar\u0131n\u0131 yay\u0131nlad\u0131. <\/p>\n<p><b>AK PART\u0130 D\u00dc\u015e\u00dc\u015eTE, CHP Y\u00dcKSEL\u0130\u015eTE<\/b><\/p>\n<p>Ankete g\u00f6re; 2018 se\u00e7imlerinde y\u00fczde 44.8&#8217;lik kesimin deste\u011fini alan AK Parti 5 puan kaybederken, y\u00fczde 25.5&#8217;lik kesimden oy alan alan CHP&#8217;nin ise oy oran\u0131n\u0131 y\u00fczde 36.4&#8217;e y\u00fckseltti\u011fi g\u00f6r\u00fcld\u00fc. 2018 y\u0131l\u0131ndaki se\u00e7im sonu\u00e7lar\u0131na g\u00f6re Cumhur \u0130ttifak\u0131&#8217;n\u0131n iki milletvekili \u00e7\u0131kard\u0131\u011f\u0131 Erzincan&#8217;da Millet \u0130ttifak\u0131 aday \u00e7\u0131karamam\u0131\u015ft\u0131.<\/p>\n<p><strong>\u0130\u015fte Erzincan&#8217;da yap\u0131lan anketten \u00e7\u0131kan sonu\u00e7; <\/strong> <\/p>\n<ul>\n<li>AK Parti: Y\u00fczde 39.8<\/li>\n<li>CHP: Y\u00fczde 36.4 <\/li>\n<li>MHP: Y\u00fczde 17.6 <\/li>\n<li>YSP: Y\u00fczde 3.7 <\/li>\n<li>Di\u011fer: Y\u00fczde 2.5 <\/li>\n<\/ul>\n","protected":false},"excerpt":{"rendered":"<p>T\u00fcrkiye De\u011fi\u015fim Partisi Genel Ba\u015fkan\u0131 Mustafa Sar\u0131g\u00fcl&#8217;\u00fcn CHP kontenjan\u0131ndan aday g\u00f6sterildi\u011fi Erzincan&#8217;da yap\u0131lan son se\u00e7im anketinden \u00e7\u0131kan sonu\u00e7 dikkat \u00e7ekti. 14-17 Nisan tarihleri aras\u0131nda yap\u0131lan ankete g\u00f6re; Sar\u0131g\u00fcl&#8217;\u00fcn aday g\u00f6sterildi\u011fi Erzincan&#8217;da CHP&#8217;nin b\u00fcy\u00fck s\u0131\u00e7rama yapt\u0131\u011f\u0131 g\u00f6r\u00fcld\u00fc.<\/p>\n","protected":false},"author":1,"featured_media":80792,"comment_status":"closed","ping_status":"open","sticky":false,"template":"","format":"standard","meta":{"footnotes":""},"categories":[28],"tags":[],"class_list":["post-80791","post","type-post","status-publish","format-standard","has-post-thumbnail","hentry","category-politika"],"_links":{"self":[{"href":"https:\/\/haberulus.net\/index.php?rest_route=\/wp\/v2\/posts\/80791","targetHints":{"allow":["GET"]}}],"collection":[{"href":"https:\/\/haberulus.net\/index.php?rest_route=\/wp\/v2\/posts"}],"about":[{"href":"https:\/\/haberulus.net\/index.php?rest_route=\/wp\/v2\/types\/post"}],"author":[{"embeddable":true,"href":"https:\/\/haberulus.net\/index.php?rest_route=\/wp\/v2\/users\/1"}],"replies":[{"embeddable":true,"href":"https:\/\/haberulus.net\/index.php?rest_route=%2Fwp%2Fv2%2Fcomments&post=80791"}],"version-history":[{"count":1,"href":"https:\/\/haberulus.net\/index.php?rest_route=\/wp\/v2\/posts\/80791\/revisions"}],"predecessor-version":[{"id":80793,"href":"https:\/\/haberulus.net\/index.php?rest_route=\/wp\/v2\/posts\/80791\/revisions\/80793"}],"wp:featuredmedia":[{"embeddable":true,"href":"https:\/\/haberulus.net\/index.php?rest_route=\/wp\/v2\/media\/80792"}],"wp:attachment":[{"href":"https:\/\/haberulus.net\/index.php?rest_route=%2Fwp%2Fv2%2Fmedia&parent=80791"}],"wp:term":[{"taxonomy":"category","embeddable":true,"href":"https:\/\/haberulus.net\/index.php?rest_route=%2Fwp%2Fv2%2Fcategories&post=80791"},{"taxonomy":"post_tag","embeddable":true,"href":"https:\/\/haberulus.net\/index.php?rest_route=%2Fwp%2Fv2%2Ftags&post=80791"}],"curies":[{"name":"wp","href":"https:\/\/api.w.org\/{rel}","templated":true}]}}