{"id":80818,"date":"2023-04-25T16:05:03","date_gmt":"2023-04-25T16:05:03","guid":{"rendered":"https:\/\/haberulus.net\/?p=80818"},"modified":"2023-04-25T16:05:03","modified_gmt":"2023-04-25T16:05:03","slug":"erdogan-salonda-kendisi-icin-acilan-pankarta-karsi-cikti-benim-icin-soylemiyorsun-degil-mi","status":"publish","type":"post","link":"https:\/\/haberulus.net\/?p=80818","title":{"rendered":"Erdo\u011fan, salonda kendisi i\u00e7in a\u00e7\u0131lan pankarta kar\u015f\u0131 \u00e7\u0131kt\u0131: Benim i\u00e7in s\u00f6ylemiyorsun de\u011fil mi?"},"content":{"rendered":"<p>Se\u00e7im \u00e7al\u0131\u015fmalar\u0131 kapsam\u0131nda Ankara&#8217;da gen\u00e7lerle bir araya gelen Cumhurba\u015fkan\u0131 Erdo\u011fan, salonda a\u00e7\u0131lan pankartlara dikkat \u00e7ekti. Pankartlarda yaz\u0131lanlar\u0131 sesli olarak okuyan Erdo\u011fan, bir pankarta tak\u0131lamadan edemedi. <\/p>\n<p><img decoding=\"async\" src=\"https:\/\/i.hbrcdn.com\/haber\/2023\/04\/25\/erdogan-okudugu-pankarttaki-detaya-takildi-15822103_2855_m.jpg\" alt=\"\" title=\"\"><\/p>\n<p><b>&#8220;BEN\u0130M \u0130\u00c7\u0130N S\u00d6YLEM\u0130YORSUN DE\u011e\u0130L M\u0130?&#8221;<\/b><\/p>\n<p>Salondaki gen\u00e7lerden birinin a\u00e7t\u0131\u011f\u0131 &#8220;Ya\u011fmurlu bir g\u00fcnde g\u00f6rm\u00fc\u015ft\u00fcm seni, \u00fcst\u00fcnde winner ceketin vard\u0131&#8221; yaz\u0131l\u0131 pankarta m\u00fcdahale eden Erdo\u011fan, &#8220;Benim i\u00e7in s\u00f6ylemiyorsun de\u011fil mi? \u00c7\u00fcnk\u00fc ben yerliyim, milliyim. Onlar\u0131 giymem&#8221; dedi. <\/p>\n<p><img decoding=\"async\" src=\"https:\/\/i.hbrcdn.com\/haber\/2023\/04\/25\/erdogan-okudugu-pankarttaki-detaya-takildi-15822103_2179_m.jpg\" alt=\"\" title=\"\"><\/p>\n<p><b>&#8220;SE\u00c7\u0130M KAZANDIRAN CEKET&#8221; OLARAK B\u0130L\u0130N\u0130YOR<\/b><\/p>\n<p>Cumhurba\u015fkan\u0131 Erdo\u011fan, winner ceketi en \u00e7ok tercih eden liderlerinden biri olmas\u0131yla dikkat \u00e7ekiyor. Hatta zaman zaman sosyal medyada bu ceket i\u00e7in &#8220;Se\u00e7im kazand\u0131ran ceket&#8221; yorumlar\u0131 yap\u0131l\u0131yor.<\/p>\n<p><img decoding=\"async\" src=\"https:\/\/i.hbrcdn.com\/haber\/2023\/04\/25\/erdogan-okudugu-pankarttaki-detaya-takildi-15822103_454_m.jpg\" alt=\"\" title=\"\"><\/p>\n<p>Ge\u00e7ti\u011fimiz g\u00fcnlerde Cumhur \u0130ttifak\u0131 orta\u011f\u0131 MHP lideri Devlet Bah\u00e7eli de parti grubunda yapt\u0131\u011f\u0131 konu\u015fmada winner ceketi tercih etmi\u015fti. <\/p>\n","protected":false},"excerpt":{"rendered":"<p>Ankara&#8217;da &#8216;Gen\u00e7lik \u0130\u00e7in Hemen \u015eimdi&#8217; program\u0131nda a\u00e7\u0131klamalarda bulunan Cumhurba\u015fkan\u0131 Erdo\u011fan, salonda a\u00e7\u0131lan &#8220;Ya\u011fmurlu bir g\u00fcnde g\u00f6rd\u00fcm seni, \u00fczerine winner ceket vard\u0131&#8221; yaz\u0131l\u0131 pankarta tak\u0131lmadan edemedi. Erdo\u011fan, &#8220;Benim i\u00e7in s\u00f6ylemiyorsun de\u011fil mi? Ben milli ve yerliyim&#8221; ifadelerini kulland\u0131.<\/p>\n","protected":false},"author":1,"featured_media":80819,"comment_status":"closed","ping_status":"open","sticky":false,"template":"","format":"standard","meta":{"footnotes":""},"categories":[28],"tags":[7840],"class_list":["post-80818","post","type-post","status-publish","format-standard","has-post-thumbnail","hentry","category-politika","tag-ceket"],"_links":{"self":[{"href":"https:\/\/haberulus.net\/index.php?rest_route=\/wp\/v2\/posts\/80818","targetHints":{"allow":["GET"]}}],"collection":[{"href":"https:\/\/haberulus.net\/index.php?rest_route=\/wp\/v2\/posts"}],"about":[{"href":"https:\/\/haberulus.net\/index.php?rest_route=\/wp\/v2\/types\/post"}],"author":[{"embeddable":true,"href":"https:\/\/haberulus.net\/index.php?rest_route=\/wp\/v2\/users\/1"}],"replies":[{"embeddable":true,"href":"https:\/\/haberulus.net\/index.php?rest_route=%2Fwp%2Fv2%2Fcomments&post=80818"}],"version-history":[{"count":1,"href":"https:\/\/haberulus.net\/index.php?rest_route=\/wp\/v2\/posts\/80818\/revisions"}],"predecessor-version":[{"id":80820,"href":"https:\/\/haberulus.net\/index.php?rest_route=\/wp\/v2\/posts\/80818\/revisions\/80820"}],"wp:featuredmedia":[{"embeddable":true,"href":"https:\/\/haberulus.net\/index.php?rest_route=\/wp\/v2\/media\/80819"}],"wp:attachment":[{"href":"https:\/\/haberulus.net\/index.php?rest_route=%2Fwp%2Fv2%2Fmedia&parent=80818"}],"wp:term":[{"taxonomy":"category","embeddable":true,"href":"https:\/\/haberulus.net\/index.php?rest_route=%2Fwp%2Fv2%2Fcategories&post=80818"},{"taxonomy":"post_tag","embeddable":true,"href":"https:\/\/haberulus.net\/index.php?rest_route=%2Fwp%2Fv2%2Ftags&post=80818"}],"curies":[{"name":"wp","href":"https:\/\/api.w.org\/{rel}","templated":true}]}}