{"id":80995,"date":"2023-04-26T06:51:03","date_gmt":"2023-04-26T06:51:03","guid":{"rendered":"https:\/\/haberulus.net\/?p=80995"},"modified":"2023-04-26T06:51:03","modified_gmt":"2023-04-26T06:51:03","slug":"ciftcilerin-tarimsal-amacli-su-kullanim-hizmet-bedelleri-yuzde-50-desteklenecek","status":"publish","type":"post","link":"https:\/\/haberulus.net\/?p=80995","title":{"rendered":"\u00c7ift\u00e7ilerin tar\u0131msal ama\u00e7l\u0131 su kullan\u0131m hizmet bedelleri y\u00fczde 50 desteklenecek"},"content":{"rendered":"<p>\u00c7ift\u00e7ilerin 2023 y\u0131l\u0131na ili\u015fkin tar\u0131msal ama\u00e7l\u0131 su kullan\u0131m hizmet bedellerinin y\u00fczde 50 desteklenmesi kararla\u015ft\u0131r\u0131ld\u0131.<\/p>\n<p>Tar\u0131msal Sulama Ama\u00e7l\u0131 Su Kullan\u0131m Hizmet Bedelinin Desteklenmesine \u0130li\u015fkin Cumhurba\u015fkan\u0131 Karar\u0131, Resmi Gazete\u2019de yay\u0131mland\u0131.<\/p>\n<p>Kararla, sulama birlikleri ile kooperatifleri taraf\u0131ndan i\u015fletilen sulama sahalar\u0131nda tar\u0131msal \u00fcretim yapan \u00e7ift\u00e7ilerin, bu y\u0131l su kullan\u0131m hizmet bedellerinin desteklenerek \u00fcretim maliyetlerinin azalt\u0131lmas\u0131 ve rekabet g\u00fc\u00e7lerinin art\u0131r\u0131lmas\u0131 ile bu kapsamda g\u0131da arz g\u00fcvenli\u011finin ve tar\u0131msal \u00fcretimde s\u00fcrd\u00fcr\u00fclebilirli\u011fin sa\u011flanmas\u0131na katk\u0131da bulunulmas\u0131 ama\u00e7lan\u0131yor.<\/p>\n<p><b>Y\u00dcZDE 50\u2019S\u0130 \u00dcRET\u0130C\u0130 TARAFINDAN \u00d6DENECEK<\/b><\/p>\n<p>Buna g\u00f6re, sulama birlikleri taraf\u0131ndan kendi usul ve esaslar\u0131na g\u00f6re belirlenen su kullan\u0131m hizmet bedelinin y\u00fczde 50\u2019si \u00f6ncelikle su kullan\u0131c\u0131s\u0131 \u00fcretici taraf\u0131ndan ilgili sulama birli\u011fine \u00f6denecek. Su kullan\u0131m hizmet bedelinin geriye kalan y\u00fczde 50\u2019si ise Tar\u0131m ve Orman Bakanl\u0131\u011f\u0131n\u0131n ilgili b\u00fct\u00e7esinden \u00fcreticiler ad\u0131na sulama birliklerine aktar\u0131lacak.<\/p>\n<p>Sulama birlikleri taraf\u0131ndan olu\u015fturulacak \u00f6demeye esas icmaller Devlet Su \u0130\u015fleri (DS\u0130) Genel M\u00fcd\u00fcrl\u00fc\u011f\u00fcne g\u00f6nderilecek. \u0130cmaller DS\u0130 taraf\u0131ndan gerekli kontroller yap\u0131ld\u0131ktan ve onayland\u0131ktan sonra \u00f6denmek \u00fczere Bakanl\u0131\u011fa iletilecek. \u00d6demeler \u00fcreticiler ad\u0131na ilgili sulama birliklerinin hesab\u0131na aktar\u0131lacak.<\/p>\n<p>Sulama kooperatifleri taraf\u0131ndan \u00fcreticiler ad\u0131na tahakkuk ettirilen su kullan\u0131m hizmet bedelini d\u00f6nemi i\u00e7inde \u00f6deyen \u00fcreticilere y\u00fczde 50 destekleme \u00f6demesi yap\u0131lacak.<\/p>\n<p>2023 \u00fcretim y\u0131l\u0131 sonunda sulama kooperatifleri taraf\u0131ndan su kullan\u0131m hizmet bedelini \u00f6deyen \u00fcreticilere ait icmaller il-il\u00e7e tar\u0131m ve orman m\u00fcd\u00fcrl\u00fcklerine teslim edilecek. M\u00fcd\u00fcrl\u00fckler taraf\u0131ndan gerekli kontroller yap\u0131l\u0131p onaylanan icmaller, \u00f6denmek \u00fczere Bakanl\u0131\u011fa g\u00f6nderilecek.<\/p>\n<p><b>\u200b\u200bYIL SONUNA KADAR S\u00dcRECEK<\/b><\/p>\n<p>Bu destekten yararlanacak \u00fcreticilerin \u00c7ift\u00e7i Kay\u0131t Sistemi\u2019ne (\u00c7KS) kay\u0131tl\u0131 olmas\u0131 \u015fart\u0131 aranacak.<\/p>\n<p>Karar kapsam\u0131ndaki destek uygulamas\u0131, 1 Ocak 2023 itibar\u0131yla ba\u015flayacak ve 31 Aral\u0131k 2023\u2019te sonra erecek.<\/p>\n<p>Desteklemelere ili\u015fkin \u00f6demeler i\u00e7in gerekli kaynak, Bakanl\u0131\u011f\u0131n 2023 y\u0131l\u0131 tar\u0131msal destekleme b\u00fct\u00e7esinden kar\u015f\u0131lanacak.<\/p>\n<p>Karar\u0131n uygulanmas\u0131na ili\u015fkin Ziraat Bankas\u0131na hizmetlerinden dolay\u0131, \u00f6denen destekleme tutar\u0131n\u0131n y\u00fczde 0,2\u2019si komisyon olarak ayr\u0131ca \u00f6denecek.<\/p>\n<p>Destekleme \u00f6demelerinin denetimini sa\u011flayacak tedbirleri almaya Bakanl\u0131k yetkili olacak.<\/p>\n<p>Karar, 1 Ocak 2023\u2019ten ge\u00e7erli olmak \u00fczere y\u00fcr\u00fcrl\u00fc\u011fe girdi. (AA)<\/p>\n","protected":false},"excerpt":{"rendered":"<p>Tar\u0131msal Sulama Ama\u00e7l\u0131 Su Kullan\u0131m Hizmet Bedelinin Desteklenmesine \u0130li\u015fkin Cumhurba\u015fkan\u0131 Karar\u0131, Resmi Gazete&#8217;de yay\u0131mland\u0131. Karar kapsam\u0131ndaki destek uygulamas\u0131, 1 Ocak 2023 itibar\u0131yla ba\u015flayacak ve 31 Aral\u0131k 2023&#8217;te sonra erecek.<\/p>\n","protected":false},"author":1,"featured_media":80996,"comment_status":"closed","ping_status":"open","sticky":false,"template":"","format":"standard","meta":{"footnotes":""},"categories":[25],"tags":[319,711,580,845,510],"class_list":["post-80995","post","type-post","status-publish","format-standard","has-post-thumbnail","hentry","category-ekonomi","tag-319","tag-destek","tag-karar","tag-tarafindan","tag-uretici"],"_links":{"self":[{"href":"https:\/\/haberulus.net\/index.php?rest_route=\/wp\/v2\/posts\/80995","targetHints":{"allow":["GET"]}}],"collection":[{"href":"https:\/\/haberulus.net\/index.php?rest_route=\/wp\/v2\/posts"}],"about":[{"href":"https:\/\/haberulus.net\/index.php?rest_route=\/wp\/v2\/types\/post"}],"author":[{"embeddable":true,"href":"https:\/\/haberulus.net\/index.php?rest_route=\/wp\/v2\/users\/1"}],"replies":[{"embeddable":true,"href":"https:\/\/haberulus.net\/index.php?rest_route=%2Fwp%2Fv2%2Fcomments&post=80995"}],"version-history":[{"count":1,"href":"https:\/\/haberulus.net\/index.php?rest_route=\/wp\/v2\/posts\/80995\/revisions"}],"predecessor-version":[{"id":80997,"href":"https:\/\/haberulus.net\/index.php?rest_route=\/wp\/v2\/posts\/80995\/revisions\/80997"}],"wp:featuredmedia":[{"embeddable":true,"href":"https:\/\/haberulus.net\/index.php?rest_route=\/wp\/v2\/media\/80996"}],"wp:attachment":[{"href":"https:\/\/haberulus.net\/index.php?rest_route=%2Fwp%2Fv2%2Fmedia&parent=80995"}],"wp:term":[{"taxonomy":"category","embeddable":true,"href":"https:\/\/haberulus.net\/index.php?rest_route=%2Fwp%2Fv2%2Fcategories&post=80995"},{"taxonomy":"post_tag","embeddable":true,"href":"https:\/\/haberulus.net\/index.php?rest_route=%2Fwp%2Fv2%2Ftags&post=80995"}],"curies":[{"name":"wp","href":"https:\/\/api.w.org\/{rel}","templated":true}]}}