{"id":8152,"date":"2022-07-15T12:06:03","date_gmt":"2022-07-15T12:06:03","guid":{"rendered":"https:\/\/haberulus.net\/?p=8152"},"modified":"2022-07-15T12:06:03","modified_gmt":"2022-07-15T12:06:03","slug":"corona-yeniden-hortladi-vakalar-yuzde-1500-olumler-yuzde-63-artti","status":"publish","type":"post","link":"https:\/\/haberulus.net\/?p=8152","title":{"rendered":"Corona yeniden hortlad\u0131: Vakalar y\u00fczde 1500, \u00f6l\u00fcmler y\u00fczde 63 artt\u0131"},"content":{"rendered":"<p><b>T\u00fcrk Tabipleri Birli\u011fi TTB, Pandemi \u00c7al\u0131\u015fma Grubu \u00dcyesi G\u00fc\u00e7l\u00fc Yaman, Omicron\u2019un yeni varyant\u0131 BA.5\u2019in T\u00fcrkiye\u2019de yap\u0131lan PCR testlerinin y\u00fczde 83\u2019\u00fcnde \u00e7\u0131kt\u0131\u011f\u0131n\u0131 s\u00f6yledi.<\/b><\/p>\n<p>Sa\u011fl\u0131k Bakanl\u0131\u011f\u0131&#8217;n\u0131n a\u00e7\u0131klad\u0131\u011f\u0131 veriler, D\u00fcnya Sa\u011fl\u0131k \u00d6rg\u00fct\u00fc DS\u00d6, TTB ve Sa\u011fl\u0131k Meslek \u00d6rg\u00fctlerinin Covid-19 salg\u0131n\u0131nda yeni bir dalgan\u0131n h\u0131zlanarak t\u0131rmand\u0131\u011f\u0131, vaka say\u0131lar\u0131nda \u00e7ok ciddi art\u0131\u015flara neden oldu\u011funu do\u011frulad\u0131.<\/p>\n<p>Covid-19 polikliniklerine ba\u015fvuran ki\u015fi say\u0131s\u0131 ve pozitiflik oranlar\u0131n\u0131n belirgin olarak artt\u0131\u011f\u0131na dikkat \u00e7eken TTB Pandemi \u00c7al\u0131\u015fma Grubu \u00dcyesi G\u00fc\u00e7l\u00fc Yaman, \u201cResmi salg\u0131n verilerine g\u00f6re 04 -10 Temmuz haftas\u0131nda Covid-19 vakalar\u0131, bir \u00f6nceki haftaya g\u00f6re y\u00fczde 105, \u00f6l\u00fcmler y\u00fczde 24 artt\u0131. B\u00f6ylece salg\u0131n\u0131n yeniden t\u0131rman\u0131\u015fa ge\u00e7ti\u011fi Haziran ba\u015f\u0131na g\u00f6re vakalar y\u00fczde 1500, \u00f6l\u00fcmler y\u00fczde 63 artm\u0131\u015f oldu\u201d dedi.<\/p>\n<p><img decoding=\"async\" src=\"https:\/\/i01.sozcucdn.com\/wp-content\/uploads\/2022\/07\/15\/7f6f12aa-f68d-457c-8e50-b52b006a6b3c.jpg\" alt=\"\" title=\"\"><\/p>\n<p><strong>\u201cVAKALARIN \u00c7O\u011eUNDA TEST YAPILMADI\u011eI ANLA\u015eILIYOR\u201d<\/strong><\/p>\n<p>Yaman, salg\u0131n\u0131n seyrini g\u00f6rmek a\u00e7\u0131s\u0131ndan, a\u00e7\u0131klanan say\u0131lardan \u00f6te, haftadan haftaya art\u0131\u015f oranlar\u0131n\u0131n daha \u00f6nemli oldu\u011funa dikkat \u00e7ekerek, \u015fu ifadeleri kulland\u0131:<\/p>\n<p>*Vakalar\u0131n b\u00fcy\u00fck k\u0131sm\u0131na test yap\u0131lmad\u0131\u011f\u0131 anla\u015f\u0131l\u0131yor. \u00d6rne\u011fin b\u00fcy\u00fck \u015fehirlerimizden bir hastanede test pozitiflik oran\u0131 y\u00fczde 40&#8217;a ula\u015fm\u0131\u015f durumda.<\/p>\n<p>*Bu, toplumda bula\u015fman\u0131n \u00e7ok yayg\u0131n oldu\u011funun bir g\u00f6stergesi. Ayn\u0131 yerde \u015eubat ba\u015f\u0131nda vaka say\u0131lar\u0131nda zirvenin ya\u015fand\u0131\u011f\u0131 ilk Omicron dalgas\u0131nda pozitiflik oran\u0131 y\u00fczde 45 idi.<\/p>\n<p>*Oysa \u015eubat&#8217;ta T\u00fcrkiye genelinde a\u00e7\u0131klanan vaka say\u0131lar\u0131 100 bini ge\u00e7iyordu \u015fu an ise 17 bin civar\u0131.<\/p>\n<p>*Ayr\u0131ca \u015eubat ay\u0131nda da testlerin yetersiz kald\u0131\u011f\u0131 ve \u015fu anki varyant\u0131n daha bula\u015f\u0131c\u0131 oldu\u011fu d\u00fc\u015f\u00fcn\u00fcld\u00fc\u011f\u00fcnde T\u00fcrkiye&#8217;de salg\u0131n\u0131n \u00e7ok k\u00fc\u00e7\u00fck bir k\u0131sm\u0131n\u0131n kay\u0131t alt\u0131na al\u0131nabildi\u011fi s\u00f6ylenebilir.<\/p>\n<p><strong>\u201cALINAN \u00d6RNEKLER\u0130N Y\u00dcZDE 83&#8217;\u00dcNDE BA.5 G\u00d6R\u00dcLD\u00dc\u201d<\/strong><\/p>\n<p>Vaka say\u0131lar\u0131ndaki t\u0131rman\u0131\u015f\u0131n, ilk Omicron varyant\u0131na g\u00f6re daha bula\u015f\u0131c\u0131 olan yine Omicron ailesinden BA.5 varyant\u0131n\u0131n T\u00fcrkiye&#8217;de ortaya \u00e7\u0131kmas\u0131 ve yay\u0131lmaya ba\u015flamas\u0131yla uyumlu geli\u015fti\u011fini belirten Yaman \u015funlar\u0131 s\u00f6yledi:<\/p>\n<p>*Her ne kadar Sa\u011fl\u0131k Bakanl\u0131\u011f\u0131 T\u00fcrkiye&#8217;deki varyant bilgilerini kamuoyuna a\u00e7\u0131klamaktan ka\u00e7\u0131nsa da bu bilgileri payla\u015ft\u0131\u011f\u0131 uluslararas\u0131 veri taban\u0131ndan takip edebiliyoruz.<\/p>\n<p>*Bu bilgilere g\u00f6re T\u00fcrkiye&#8217;de Haziran ba\u015f\u0131nda Omicron ailesinden olan BA.5 varyant\u0131 yay\u0131lmaya ba\u015flad\u0131 ve Haziran sonu bask\u0131n hale geldi.<\/p>\n<p>*27 Haziran-11 Temmuz d\u00f6nemi icin en son payla\u015f\u0131lan varyant bilgisine g\u00f6re ise BA.5 varyant\u0131 T\u00fcrkiye&#8217;deki PCR testlerinden al\u0131nan \u00f6rneklerin y\u00fczde 83&#8217;\u00fcnde g\u00f6r\u00fcld\u00fc.<\/p>\n<div><img decoding=\"async\" src=\"https:\/\/i01.sozcucdn.com\/wp-content\/uploads\/2022\/07\/15\/0753c8ee-fc2a-4c08-bf39-608e6bf2a8cc.jpeg\" alt=\"\" title=\"\"><\/p>\n<p>TB Pandemi \u00c7al\u0131\u015fma Grubu \u00dcyesi G\u00fc\u00e7l\u00fc Yaman<\/p>\n<\/div>\n<p>\u00a0<\/p>\n","protected":false},"excerpt":{"rendered":"<p>T\u00fcrk Tabipleri Birli\u011fi TTB, Pandemi \u00c7al\u0131\u015fma Grubu \u00dcyesi G\u00fc\u00e7l\u00fc Yaman, Omicron\u2019un yeni varyant\u0131 BA.5\u2019in T\u00fcrkiye\u2019de yap\u0131lan PCR testlerinin y\u00fczde 83 &#8230;<\/p>\n","protected":false},"author":1,"featured_media":8153,"comment_status":"open","ping_status":"open","sticky":false,"template":"","format":"standard","meta":{"footnotes":""},"categories":[30],"tags":[985,87,175,1203,2541],"class_list":["post-8152","post","type-post","status-publish","format-standard","has-post-thumbnail","hentry","category-saglik","tag-test","tag-turk","tag-vaka","tag-varyanti","tag-yaman"],"_links":{"self":[{"href":"https:\/\/haberulus.net\/index.php?rest_route=\/wp\/v2\/posts\/8152","targetHints":{"allow":["GET"]}}],"collection":[{"href":"https:\/\/haberulus.net\/index.php?rest_route=\/wp\/v2\/posts"}],"about":[{"href":"https:\/\/haberulus.net\/index.php?rest_route=\/wp\/v2\/types\/post"}],"author":[{"embeddable":true,"href":"https:\/\/haberulus.net\/index.php?rest_route=\/wp\/v2\/users\/1"}],"replies":[{"embeddable":true,"href":"https:\/\/haberulus.net\/index.php?rest_route=%2Fwp%2Fv2%2Fcomments&post=8152"}],"version-history":[{"count":1,"href":"https:\/\/haberulus.net\/index.php?rest_route=\/wp\/v2\/posts\/8152\/revisions"}],"predecessor-version":[{"id":8154,"href":"https:\/\/haberulus.net\/index.php?rest_route=\/wp\/v2\/posts\/8152\/revisions\/8154"}],"wp:featuredmedia":[{"embeddable":true,"href":"https:\/\/haberulus.net\/index.php?rest_route=\/wp\/v2\/media\/8153"}],"wp:attachment":[{"href":"https:\/\/haberulus.net\/index.php?rest_route=%2Fwp%2Fv2%2Fmedia&parent=8152"}],"wp:term":[{"taxonomy":"category","embeddable":true,"href":"https:\/\/haberulus.net\/index.php?rest_route=%2Fwp%2Fv2%2Fcategories&post=8152"},{"taxonomy":"post_tag","embeddable":true,"href":"https:\/\/haberulus.net\/index.php?rest_route=%2Fwp%2Fv2%2Ftags&post=8152"}],"curies":[{"name":"wp","href":"https:\/\/api.w.org\/{rel}","templated":true}]}}