{"id":81684,"date":"2023-04-27T07:29:04","date_gmt":"2023-04-27T07:29:04","guid":{"rendered":"https:\/\/haberulus.net\/?p=81684"},"modified":"2023-04-27T07:29:04","modified_gmt":"2023-04-27T07:29:04","slug":"okan-burukun-gelecek-sezon-icin-forvet-plani-hazir","status":"publish","type":"post","link":"https:\/\/haberulus.net\/?p=81684","title":{"rendered":"Okan Buruk\u2019un gelecek sezon i\u00e7in forvet plan\u0131 haz\u0131r"},"content":{"rendered":"<p>S\u00d6ZC\u00dc&#8217;N\u00dcN edindi\u011fi bilgilere g\u00f6re Galatasaray Teknik Direkt\u00f6r\u00fc Okan Buruk, bu sezon golc\u00fc rotasyonunda ya\u015fanan s\u0131k\u0131nt\u0131lar\u0131n gelecek y\u0131l tekrarlanmamas\u0131 ad\u0131na i\u015fi s\u0131k\u0131 tutuyor.<\/p>\n<p>Okan Buruk&#8217;un birinci forveti Mauro Icardi\u2026 Bu y\u00fczden PSG&#8217;yle anla\u015fman\u0131n \u015eampiyonlar Ligi \u00f6n elemesinden \u00f6nce bitirilmesini istiyor. Ba\u015far\u0131l\u0131 \u00e7al\u0131\u015ft\u0131r\u0131c\u0131, ikinci forvet olarak Lyon&#8217;dan Moussa Dembele&#8217;nin ismini verdi. Y\u00f6netim, kontrat\u0131 sezon sonu bitecek 26 ya\u015f\u0131ndaki golc\u00fcn\u00fcn i\u015fini en k\u0131sa s\u00fcrede bitirmeyi ama\u00e7l\u0131yor. Okan Buruk&#8217;un \u00fc\u00e7\u00fcnc\u00fc forvet olarak belirledi\u011fi isim ise Mostafa Mohamed\u2026 M\u0131s\u0131rl\u0131, \u00fc\u00e7\u00fcnc\u00fc forvet rol\u00fcn\u00fc kabul ederse tak\u0131ma geri kazand\u0131r\u0131lacak. Aksi halde farkl\u0131 bir isme yo\u011funla\u015f\u0131lacak.<\/p>\n<p><b>TAM KADRO DERB\u0130YE<\/b><\/p>\n<p>\u00d6te yandan Galatasaray\u2019da Be\u015fikta\u015f derbisi \u00f6ncesi kadro sevinci ya\u015fan\u0131yor. Gomis&#8217;in affedilmesi ve Icardi&#8217;nin a\u011fr\u0131lar\u0131n\u0131n ge\u00e7mesiyle sar\u0131-k\u0131rm\u0131z\u0131l\u0131lar Dolmabah\u00e7e&#8217;ye tam kadro olarak gitme f\u0131rsat\u0131 yakalad\u0131. Geni\u015f kadro Okan Buruk&#8217;u da mutlu etti.<\/p>\n","protected":false},"excerpt":{"rendered":"<p>Galatasaray Teknik Direkt\u00f6r\u00fc Okan Buruk, gelecek sezon forvet hatt\u0131nda kaliteli \u00fc\u00e7 y\u0131ld\u0131zla sezona ba\u015flamay\u0131 arzulad\u0131\u011f\u0131n\u0131 y\u00f6netime iletti.<\/p>\n","protected":false},"author":1,"featured_media":81685,"comment_status":"closed","ping_status":"open","sticky":false,"template":"","format":"standard","meta":{"footnotes":""},"categories":[31],"tags":[],"class_list":["post-81684","post","type-post","status-publish","format-standard","has-post-thumbnail","hentry","category-spor"],"_links":{"self":[{"href":"https:\/\/haberulus.net\/index.php?rest_route=\/wp\/v2\/posts\/81684","targetHints":{"allow":["GET"]}}],"collection":[{"href":"https:\/\/haberulus.net\/index.php?rest_route=\/wp\/v2\/posts"}],"about":[{"href":"https:\/\/haberulus.net\/index.php?rest_route=\/wp\/v2\/types\/post"}],"author":[{"embeddable":true,"href":"https:\/\/haberulus.net\/index.php?rest_route=\/wp\/v2\/users\/1"}],"replies":[{"embeddable":true,"href":"https:\/\/haberulus.net\/index.php?rest_route=%2Fwp%2Fv2%2Fcomments&post=81684"}],"version-history":[{"count":1,"href":"https:\/\/haberulus.net\/index.php?rest_route=\/wp\/v2\/posts\/81684\/revisions"}],"predecessor-version":[{"id":81686,"href":"https:\/\/haberulus.net\/index.php?rest_route=\/wp\/v2\/posts\/81684\/revisions\/81686"}],"wp:featuredmedia":[{"embeddable":true,"href":"https:\/\/haberulus.net\/index.php?rest_route=\/wp\/v2\/media\/81685"}],"wp:attachment":[{"href":"https:\/\/haberulus.net\/index.php?rest_route=%2Fwp%2Fv2%2Fmedia&parent=81684"}],"wp:term":[{"taxonomy":"category","embeddable":true,"href":"https:\/\/haberulus.net\/index.php?rest_route=%2Fwp%2Fv2%2Fcategories&post=81684"},{"taxonomy":"post_tag","embeddable":true,"href":"https:\/\/haberulus.net\/index.php?rest_route=%2Fwp%2Fv2%2Ftags&post=81684"}],"curies":[{"name":"wp","href":"https:\/\/api.w.org\/{rel}","templated":true}]}}