{"id":81696,"date":"2023-04-27T07:37:06","date_gmt":"2023-04-27T07:37:06","guid":{"rendered":"https:\/\/haberulus.net\/?p=81696"},"modified":"2023-04-27T07:37:06","modified_gmt":"2023-04-27T07:37:06","slug":"tuik-ekonomiye-guven-nisanda-artti","status":"publish","type":"post","link":"https:\/\/haberulus.net\/?p=81696","title":{"rendered":"T\u00dc\u0130K: Ekonomiye g\u00fcven nisanda artt\u0131"},"content":{"rendered":"<p>T\u00fcrkiye \u0130statistik Kurumu (T\u00dc\u0130K) 2023 Nisan\u2019a ili\u015fkin Ekonomik G\u00fcven Endeksini a\u00e7\u0131klad\u0131.<\/p>\n<p>Buna g\u00f6re, ekonomik g\u00fcven endeksi mart ay\u0131nda 98,8 iken, nisan ay\u0131nda y\u00fczde 3,5 oran\u0131nda artarak 102,2 de\u011ferini ald\u0131.<\/p>\n<p>Ekonomik g\u00fcven endeksinin 100&#8217;den b\u00fcy\u00fck olmas\u0131 genel ekonomik duruma ili\u015fkin iyimserli\u011fi, 100&#8217;den k\u00fc\u00e7\u00fck olmas\u0131 ise genel ekonomik duruma ili\u015fkin k\u00f6t\u00fcmserli\u011fi g\u00f6steriyor.<\/p>\n<p><b>PERAKENDE VE \u0130N\u015eAATTA AZALDI<\/b><\/p>\n<p>Bir \u00f6nceki aya g\u00f6re nisan ay\u0131nda t\u00fcketici g\u00fcven endeksi y\u00fczde 9,2 oran\u0131nda artarak 87,5 de\u011ferini, reel kesim (imalat sanayi) g\u00fcven endeksi y\u00fczde 1,0 oran\u0131nda artarak 105,1 de\u011ferini, hizmet sekt\u00f6r\u00fc g\u00fcven endeksi y\u00fczde 1,1 oran\u0131nda artarak 118,1 de\u011ferini ald\u0131.<\/p>\n<p>Perakende ticaret sekt\u00f6r\u00fc g\u00fcven endeksi y\u00fczde 1,3 oran\u0131nda azalarak 116,2 de\u011ferini, in\u015faat sekt\u00f6r\u00fc g\u00fcven endeksi y\u00fczde 0,1 oran\u0131nda azalarak 88,4 de\u011ferini ald\u0131.<\/p>\n","protected":false},"excerpt":{"rendered":"<p>T\u00dc\u0130K verilerine g\u00f6re, ekonomik g\u00fcven endeksi mart ay\u0131nda 98,8 iken, nisan ay\u0131nda y\u00fczde 3,5 oran\u0131nda artarak 102,2 de\u011ferini ald\u0131.<\/p>\n","protected":false},"author":1,"featured_media":81697,"comment_status":"closed","ping_status":"open","sticky":false,"template":"","format":"standard","meta":{"footnotes":""},"categories":[25],"tags":[4095,666,3279],"class_list":["post-81696","post","type-post","status-publish","format-standard","has-post-thumbnail","hentry","category-ekonomi","tag-degerini","tag-ekonomik","tag-oraninda"],"_links":{"self":[{"href":"https:\/\/haberulus.net\/index.php?rest_route=\/wp\/v2\/posts\/81696","targetHints":{"allow":["GET"]}}],"collection":[{"href":"https:\/\/haberulus.net\/index.php?rest_route=\/wp\/v2\/posts"}],"about":[{"href":"https:\/\/haberulus.net\/index.php?rest_route=\/wp\/v2\/types\/post"}],"author":[{"embeddable":true,"href":"https:\/\/haberulus.net\/index.php?rest_route=\/wp\/v2\/users\/1"}],"replies":[{"embeddable":true,"href":"https:\/\/haberulus.net\/index.php?rest_route=%2Fwp%2Fv2%2Fcomments&post=81696"}],"version-history":[{"count":1,"href":"https:\/\/haberulus.net\/index.php?rest_route=\/wp\/v2\/posts\/81696\/revisions"}],"predecessor-version":[{"id":81698,"href":"https:\/\/haberulus.net\/index.php?rest_route=\/wp\/v2\/posts\/81696\/revisions\/81698"}],"wp:featuredmedia":[{"embeddable":true,"href":"https:\/\/haberulus.net\/index.php?rest_route=\/wp\/v2\/media\/81697"}],"wp:attachment":[{"href":"https:\/\/haberulus.net\/index.php?rest_route=%2Fwp%2Fv2%2Fmedia&parent=81696"}],"wp:term":[{"taxonomy":"category","embeddable":true,"href":"https:\/\/haberulus.net\/index.php?rest_route=%2Fwp%2Fv2%2Fcategories&post=81696"},{"taxonomy":"post_tag","embeddable":true,"href":"https:\/\/haberulus.net\/index.php?rest_route=%2Fwp%2Fv2%2Ftags&post=81696"}],"curies":[{"name":"wp","href":"https:\/\/api.w.org\/{rel}","templated":true}]}}