{"id":82177,"date":"2023-04-27T18:07:03","date_gmt":"2023-04-27T18:07:03","guid":{"rendered":"https:\/\/haberulus.net\/?p=82177"},"modified":"2023-04-27T18:07:03","modified_gmt":"2023-04-27T18:07:03","slug":"ispanyada-bir-ilk-meclisten-gecti","status":"publish","type":"post","link":"https:\/\/haberulus.net\/?p=82177","title":{"rendered":"\u0130spanya\u2019da bir ilk! Meclisten ge\u00e7ti"},"content":{"rendered":"<p>\u0130spanya\u2019da son y\u0131llarda giderek artan konut sorununa \u00e7\u00f6z\u00fcm bulmak i\u00e7in \u00fclke demokrasi tarihinde ilk kez h\u00fck\u00fcmet kira fiyatlar\u0131na m\u00fcdahale etti.<\/p>\n<p>S\u00f6z konusu yasa tasar\u0131s\u0131, h\u00fck\u00fcmetin iki orta\u011f\u0131 Sosyalist \u0130\u015f\u00e7i Partisi ve Unidas Podemos ile ayr\u0131l\u0131k\u00e7\u0131 Katalan ve Bask (ERC ve EH Bildu) partilerin deste\u011fiyle 167\u2019ye kar\u015f\u0131 176 oyla mecliste kabul edilerek, senatoya g\u00f6nderildi.<\/p>\n<p><strong>YASALA\u015eACAK<\/strong><\/p>\n<p>Tasar\u0131 senatoda kabul edildikten sonra son kez meclise bir kez daha gelerek, onay almas\u0131 halinde yasalla\u015facak.<\/p>\n<p>H\u00fck\u00fcmet, bu tasar\u0131yla birlikte \u00f6zellikle gen\u00e7ler ve yoksullar i\u00e7in de konutun \u201cbir hak olarak tan\u0131naca\u011f\u0131n\u0131\u201d savunurken, buna kar\u015f\u0131 \u00e7\u0131kan muhalefetteki sa\u011f partiler ise \u0130spanya\u2019da mevcut durumda yayg\u0131n olan \u201cbo\u015f evlerin i\u015fgalinin daha da artaca\u011f\u0131n\u0131, arz\u0131n azalaca\u011f\u0131n\u0131 ve fiyatlar\u0131n artaca\u011f\u0131n\u0131\u201d ileri s\u00fcr\u00fcyor.<\/p>\n<p><strong>\u201cB\u0130R D\u00d6N\u00dcM NOKTASI\u201d<\/strong><\/p>\n<p>Ba\u015fbakan Pedro Sanchez, tasar\u0131n\u0131n mecliste kabul\u00fcnden sonra bas\u0131na yapt\u0131\u011f\u0131 a\u00e7\u0131klamada, \u201cBu yasa \u0130spanyol demokrasisinin \u00f6nemli bir d\u00f6n\u00fcm noktas\u0131d\u0131r. Konut sorunu toplumdaki e\u015fitsizli\u011fin y\u00fczde 70\u2019ini olu\u015fturmaktad\u0131r. Spek\u00fclasyonu, yozla\u015fmay\u0131 ve pek \u00e7ok toplumsal ac\u0131y\u0131 beraberinde getiren paradigmay\u0131, neo-liberal modeli de\u011fi\u015ftiriyor ve bunlara yan\u0131t veren yeni bir konut politikas\u0131n\u0131n temellerini at\u0131yoruz.\u201d de\u011ferlendirmesini yapt\u0131.<\/p>\n<p>\u0130spanya\u2019da 28 May\u0131s\u2019ta yap\u0131lacak yerel se\u00e7imler \u00f6ncesi siyasi olarak en \u00e7ok tart\u0131\u015f\u0131lan konulardan biri olan tasar\u0131 gere\u011fi, \u015fimdiye kadar T\u00dcFE\u2019ye g\u00f6re belirlenen kira art\u0131\u015flar\u0131n\u0131n 2023\u2019te y\u00fczde 2, 2024\u2019te y\u00fczde 3 ile s\u0131n\u0131rland\u0131r\u0131lmas\u0131 iki y\u0131ldan fazla bo\u015f kalan evlerin emlak vergilerinin de y\u00fczde 150\u2019ye varan oranla art\u0131r\u0131lmas\u0131n\u0131 \u00f6ng\u00f6r\u00fcyor.<\/p>\n<p>\u00d6te yandan muhalefetteki Bask Milliyet\u00e7i Partisi (PNV) de tasar\u0131ya kar\u015f\u0131 \u00e7\u0131karak, yasalla\u015fmas\u0131 halinde Anayasa Mahkemesi\u2019ne itiraz edece\u011fini duyurdu. (AA)<\/p>\n","protected":false},"excerpt":{"rendered":"<p>\u0130spanya&#8217;da az\u0131nl\u0131ktaki sol koalisyon h\u00fck\u00fcmetinin haz\u0131rlad\u0131\u011f\u0131 ve \u00fclke demokrasi tarihinde kira art\u0131\u015flar\u0131na s\u0131n\u0131rlama getiren ilk konut yasa tasar\u0131s\u0131 mecliste kabul edildi.<\/p>\n","protected":false},"author":1,"featured_media":82178,"comment_status":"closed","ping_status":"open","sticky":false,"template":"","format":"standard","meta":{"footnotes":""},"categories":[24],"tags":[2488,597],"class_list":["post-82177","post","type-post","status-publish","format-standard","has-post-thumbnail","hentry","category-dunya","tag-tasari","tag-yasa"],"_links":{"self":[{"href":"https:\/\/haberulus.net\/index.php?rest_route=\/wp\/v2\/posts\/82177","targetHints":{"allow":["GET"]}}],"collection":[{"href":"https:\/\/haberulus.net\/index.php?rest_route=\/wp\/v2\/posts"}],"about":[{"href":"https:\/\/haberulus.net\/index.php?rest_route=\/wp\/v2\/types\/post"}],"author":[{"embeddable":true,"href":"https:\/\/haberulus.net\/index.php?rest_route=\/wp\/v2\/users\/1"}],"replies":[{"embeddable":true,"href":"https:\/\/haberulus.net\/index.php?rest_route=%2Fwp%2Fv2%2Fcomments&post=82177"}],"version-history":[{"count":1,"href":"https:\/\/haberulus.net\/index.php?rest_route=\/wp\/v2\/posts\/82177\/revisions"}],"predecessor-version":[{"id":82179,"href":"https:\/\/haberulus.net\/index.php?rest_route=\/wp\/v2\/posts\/82177\/revisions\/82179"}],"wp:featuredmedia":[{"embeddable":true,"href":"https:\/\/haberulus.net\/index.php?rest_route=\/wp\/v2\/media\/82178"}],"wp:attachment":[{"href":"https:\/\/haberulus.net\/index.php?rest_route=%2Fwp%2Fv2%2Fmedia&parent=82177"}],"wp:term":[{"taxonomy":"category","embeddable":true,"href":"https:\/\/haberulus.net\/index.php?rest_route=%2Fwp%2Fv2%2Fcategories&post=82177"},{"taxonomy":"post_tag","embeddable":true,"href":"https:\/\/haberulus.net\/index.php?rest_route=%2Fwp%2Fv2%2Ftags&post=82177"}],"curies":[{"name":"wp","href":"https:\/\/api.w.org\/{rel}","templated":true}]}}