{"id":82213,"date":"2023-04-27T19:23:08","date_gmt":"2023-04-27T19:23:08","guid":{"rendered":"https:\/\/haberulus.net\/?p=82213"},"modified":"2023-04-27T19:23:08","modified_gmt":"2023-04-27T19:23:08","slug":"hindistan-ile-cin-arasinda-ipler-gerildi","status":"publish","type":"post","link":"https:\/\/haberulus.net\/?p=82213","title":{"rendered":"Hindistan ile \u00c7in aras\u0131nda ipler gerildi"},"content":{"rendered":"<p>Bakanl\u0131ktan yap\u0131lan a\u00e7\u0131klamaya g\u00f6re, Savunma Bakan\u0131 Rajnath Singh, \u00c7inli mevkida\u015f\u0131 Li Shangfu ile \u201cHindistan-\u00c7in s\u0131n\u0131r b\u00f6lgelerindeki geli\u015fmeler ve ikili ili\u015fkiler\u201d hakk\u0131nda g\u00f6r\u00fc\u015ft\u00fc.<\/p>\n<p>Singh, \u00c7inli mevkida\u015f\u0131na, \u201cHindistan ile \u00c7in aras\u0131ndaki ili\u015fkilerin ilerlemesinin s\u0131n\u0131rlarda bar\u0131\u015f ve huzurun hakim olmas\u0131na dayand\u0131\u011f\u0131n\u0131\u201d belirterek, t\u00fcm s\u0131n\u0131r sorunlar\u0131n\u0131n mevcut anla\u015fmalar ve taahh\u00fctler kapsam\u0131nda \u00e7\u00f6z\u00fclmesi gerekti\u011fini s\u00f6yledi.<\/p>\n<p>Singh, s\u0131n\u0131r ihlallerinin ikili ili\u015fkileri \u201ctemelinden a\u015f\u0131nd\u0131rd\u0131\u011f\u0131n\u0131\u201d belirtti.<\/p>\n<p><strong>EGEMENL\u0130K TARTI\u015eMASINA NEDEN OLUYORDU<\/strong><\/p>\n<p>Li, \u015eanghay \u0130\u015fbirli\u011fi \u00d6rg\u00fct\u00fc savunma bakanlar\u0131n\u0131n bir toplant\u0131s\u0131na kat\u0131lmak \u00fczere Yeni Delhi\u2019de bulunuyor.<\/p>\n<p>\u00c7in ile Hindistan aras\u0131ndaki Himalaya Da\u011flar\u0131\u2019n\u0131n \u00e7evreledi\u011fi belirsiz s\u0131n\u0131r hatt\u0131, \u00fclkeler aras\u0131nda egemenlik tart\u0131\u015fmalar\u0131na neden oluyor. Akarsular, g\u00f6ller, buzullar ve karl\u0131 zirvelerin bulundu\u011fu 3 bin 500 kilometrelik s\u0131n\u0131r, taraflar\u0131 s\u0131k s\u0131k kar\u015f\u0131 kar\u015f\u0131ya getiriyor.<\/p>\n<p>Pekin, \u201cG\u00fcney Tibet\u201d olarak adland\u0131rd\u0131\u011f\u0131 Hindistan\u2019\u0131n Aruna\u00e7al Prade\u015f eyaletindeki 90 bin kilometrekarelik toprakta hak iddia ederken, Yeni Delhi ise Aksay-\u00c7in platolar\u0131n\u0131 kapsayan 38 bin kilometrekarelik alan\u0131n \u00c7in taraf\u0131ndan i\u015fgal edildi\u011fini savunuyor. Taraflar, uzun y\u0131llard\u0131r egemenlik ihtilaflar\u0131n\u0131 \u00e7\u00f6zemiyor.<\/p>\n<p><strong>4 ASKER \u00d6LM\u00dc\u015eT\u00dc<\/strong><\/p>\n<p>S\u0131n\u0131r\u0131n bat\u0131s\u0131ndaki Ladakh b\u00f6lgesindeki Galvan Vadisi\u2019nde 15 Haziran 2020\u2019de Hint ve \u00c7in askerleri aras\u0131nda \u00e7\u0131kan \u00e7at\u0131\u015fmada 20 Hint askeri hayat\u0131n\u0131 kaybetmi\u015fti. \u00c7in de s\u00f6z konusu \u00e7at\u0131\u015fmada 4 askerinin \u00f6ld\u00fc\u011f\u00fcn\u00fc a\u00e7\u0131klam\u0131\u015ft\u0131.<\/p>\n<p>\u00c7at\u0131\u015fman\u0131n ard\u0131ndan iki \u00fclke askeri birlikleri s\u0131n\u0131rda teyakkuz haline ge\u00e7mi\u015f, Hindistan b\u00f6lgeye karadan havaya f\u00fcze savunma sistemi, \u00c7in ise ob\u00fcsler ve tanklar konu\u015fland\u0131rm\u0131\u015ft\u0131.<\/p>\n<p>Ya\u015fanan bu gerginlik, d\u00fcnyan\u0131n en b\u00fcy\u00fck ordular\u0131na sahip \u00fclkelerin kamuoylar\u0131ndaki \u201csava\u015f\u201d s\u00f6ylemleriyle daha da artm\u0131\u015ft\u0131.<\/p>\n<p>\u0130ki \u00fclkenin askeri heyetleri aras\u0131nda s\u0131n\u0131rdaki gerilimi d\u00fc\u015f\u00fcrmek amac\u0131yla g\u00f6r\u00fc\u015fmeler ba\u015flat\u0131lm\u0131\u015ft\u0131. G\u00f6r\u00fc\u015fmelerin ard\u0131ndan s\u0131n\u0131r b\u00f6lgesindeki birliklerin koordineli ve planl\u0131 \u015fekilde geri \u00e7ekilmesine karar verilmi\u015fti.<\/p>\n<p>\u0130ki \u00fclke askerlerinin, s\u00fcrt\u00fc\u015fmeye sebep olan t\u00fcm s\u0131n\u0131r b\u00f6lgelerinde hatlar\u0131na d\u00f6nd\u00fc\u011f\u00fc \u00e7ekilme s\u00fcrecinin 14 Eyl\u00fcl 2022\u2019de tamamland\u0131\u011f\u0131 duyurulmu\u015ftu. (AA)<\/p>\n","protected":false},"excerpt":{"rendered":"<p>Hindistan Savunma Bakanl\u0131\u011f\u0131, \u00c7in\u2019i Ladakh b\u00f6lgesinde ikili anla\u015fmalar\u0131 ihlal ederek iki \u00fclke aras\u0131ndaki ba\u011flar\u0131 &#8220;temelinden a\u015f\u0131nd\u0131rmakla&#8221; su\u00e7lad\u0131.<\/p>\n","protected":false},"author":1,"featured_media":82214,"comment_status":"closed","ping_status":"open","sticky":false,"template":"","format":"standard","meta":{"footnotes":""},"categories":[24],"tags":[274,793,1150,1754,160],"class_list":["post-82213","post","type-post","status-publish","format-standard","has-post-thumbnail","hentry","category-dunya","tag-asker","tag-cin","tag-hindistan","tag-sinir","tag-ulke"],"_links":{"self":[{"href":"https:\/\/haberulus.net\/index.php?rest_route=\/wp\/v2\/posts\/82213","targetHints":{"allow":["GET"]}}],"collection":[{"href":"https:\/\/haberulus.net\/index.php?rest_route=\/wp\/v2\/posts"}],"about":[{"href":"https:\/\/haberulus.net\/index.php?rest_route=\/wp\/v2\/types\/post"}],"author":[{"embeddable":true,"href":"https:\/\/haberulus.net\/index.php?rest_route=\/wp\/v2\/users\/1"}],"replies":[{"embeddable":true,"href":"https:\/\/haberulus.net\/index.php?rest_route=%2Fwp%2Fv2%2Fcomments&post=82213"}],"version-history":[{"count":1,"href":"https:\/\/haberulus.net\/index.php?rest_route=\/wp\/v2\/posts\/82213\/revisions"}],"predecessor-version":[{"id":82215,"href":"https:\/\/haberulus.net\/index.php?rest_route=\/wp\/v2\/posts\/82213\/revisions\/82215"}],"wp:featuredmedia":[{"embeddable":true,"href":"https:\/\/haberulus.net\/index.php?rest_route=\/wp\/v2\/media\/82214"}],"wp:attachment":[{"href":"https:\/\/haberulus.net\/index.php?rest_route=%2Fwp%2Fv2%2Fmedia&parent=82213"}],"wp:term":[{"taxonomy":"category","embeddable":true,"href":"https:\/\/haberulus.net\/index.php?rest_route=%2Fwp%2Fv2%2Fcategories&post=82213"},{"taxonomy":"post_tag","embeddable":true,"href":"https:\/\/haberulus.net\/index.php?rest_route=%2Fwp%2Fv2%2Ftags&post=82213"}],"curies":[{"name":"wp","href":"https:\/\/api.w.org\/{rel}","templated":true}]}}