{"id":82444,"date":"2023-04-28T08:53:06","date_gmt":"2023-04-28T08:53:06","guid":{"rendered":"https:\/\/haberulus.net\/?p=82444"},"modified":"2023-04-28T08:53:06","modified_gmt":"2023-04-28T08:53:06","slug":"kopeklerdeki-uyku-sorunu-demans-belirtisi-olabilir","status":"publish","type":"post","link":"https:\/\/haberulus.net\/?p=82444","title":{"rendered":"K\u00f6peklerdeki uyku sorunu demans belirtisi olabilir"},"content":{"rendered":"<p>Demans gibi bili\u015fsel bir sorundan k\u00f6pekler de muzdarip olabilir. Hastal\u0131\u011f\u0131n semptomlar\u0131 aras\u0131nda ise t\u0131pk\u0131 insanlarda g\u00f6r\u00fcld\u00fc\u011f\u00fc gibi uyku sorunu yer al\u0131yor.<\/p>\n<p>Y\u00fcksek sesli horlamalar, se\u011firen pen\u00e7eler k\u00f6peklerde bir sorun oldu\u011funa i\u015faret edebilir. Ancak ara\u015ft\u0131rmac\u0131lar, demans\u0131 olan ya\u015fl\u0131 k\u00f6peklerin, sa\u011fl\u0131kl\u0131 beyinleri olanlara g\u00f6re daha az uykuda kald\u0131klar\u0131n\u0131 s\u00f6ylediler.<\/p>\n<p>North Carolina Eyalet \u00dcniversitesi\u2019nden Prof Natasha Olby, \u201cYa\u015fl\u0131 k\u00f6peklerde uyku al\u0131\u015fkanl\u0131klar\u0131ndaki de\u011fi\u015fiklikler, bili\u015fteki d\u00fc\u015f\u00fc\u015f\u00fcn habercisi olabilir\u201d dedi.<\/p>\n<p>Olby ve meslekta\u015flar\u0131, ya\u015flar\u0131 10 ila 16 aras\u0131nda de\u011fi\u015fen 28 k\u00f6pek \u00fczerinde yapt\u0131klar\u0131 \u00e7al\u0131\u015fmalar\u0131 bildirdiler. K\u00f6pekler iki saatlik bir \u00f6\u011fleden sonra \u015fekerlemesindeyken beyin dalgalar\u0131 elektroensefalogram (EEG) ile kaydedildi.<\/p>\n<p>Ara\u015ft\u0131rmac\u0131lar ayr\u0131ca, k\u00f6pe\u011fin demans sorunu olup olmad\u0131\u011f\u0131n\u0131 veya risk alt\u0131nda olup olmad\u0131\u011f\u0131n\u0131 anlamak i\u00e7in, sahiplerine sorular sordular ve her k\u00f6pe\u011fin bir dizi problem \u00e7\u00f6zme, haf\u0131za ve dikkat g\u00f6revlerindeki performans\u0131n\u0131 de\u011ferlendirdiler. K\u00f6peklerden yirmisinin bili\u015fsel bozuklu\u011fu oldu\u011fu kabul edilirken, bunlardan sekizinin sorunun \u015fiddetli oldu\u011fu sonucuna var\u0131ld\u0131.<\/p>\n<p>Ekip, demans skorlar\u0131 daha y\u00fcksek olan k\u00f6peklerin uykuya dalmas\u0131n\u0131n daha uzun s\u00fcrd\u00fc\u011f\u00fcn\u00fc ve daha az uyudu\u011funu buldu.<\/p>\n<p>\u00c7al\u0131\u015fmaya dahil olmayan Kennel Club k\u00f6pek sa\u011fl\u0131\u011f\u0131 ve bilimi uzman\u0131 Nick Sutton \u015funlar\u0131 s\u00f6yledi: \u201cDemans\u0131 olan k\u00f6peklerin uykunun belirli temel a\u015famalar\u0131nda daha az zaman harcad\u0131klar\u0131n\u0131 ke\u015ffetmek b\u00fcy\u00fcleyici bir bulgu ve bu, k\u00f6pe\u011finizde ola\u011fan d\u0131\u015f\u0131 uyku davran\u0131\u015flar\u0131 g\u00f6zlemlerseniz veterinerinizle konu\u015fman\u0131n \u00f6nemini g\u00f6steriyor.\u201d<\/p>\n<p>\u015eu anda demans\u0131n tedavisi bulunmamakla birlikte Olby, ara\u015ft\u0131rmayla birlikte gelecekteki sorunlar\u0131n habercisi olabilecek de\u011fi\u015fiklikleri erkenden belirlemeyi umdu\u011funu s\u00f6yledi.<\/p>\n","protected":false},"excerpt":{"rendered":"<p>Demans, t\u0131pk\u0131 insanlarda oldu\u011fu gibi k\u00f6peklerde de g\u00f6r\u00fclebilir. Bili\u015fsel gerilemeye i\u015faret eden semptomlar aras\u0131nda ise ya\u015fanan uyku sorunu var.<\/p>\n","protected":false},"author":1,"featured_media":82445,"comment_status":"closed","ping_status":"open","sticky":false,"template":"","format":"standard","meta":{"footnotes":""},"categories":[32],"tags":[10756,3966,3202,2411],"class_list":["post-82444","post","type-post","status-publish","format-standard","has-post-thumbnail","hentry","category-teknoloji","tag-demans","tag-kopekler","tag-sorun","tag-uyku"],"_links":{"self":[{"href":"https:\/\/haberulus.net\/index.php?rest_route=\/wp\/v2\/posts\/82444","targetHints":{"allow":["GET"]}}],"collection":[{"href":"https:\/\/haberulus.net\/index.php?rest_route=\/wp\/v2\/posts"}],"about":[{"href":"https:\/\/haberulus.net\/index.php?rest_route=\/wp\/v2\/types\/post"}],"author":[{"embeddable":true,"href":"https:\/\/haberulus.net\/index.php?rest_route=\/wp\/v2\/users\/1"}],"replies":[{"embeddable":true,"href":"https:\/\/haberulus.net\/index.php?rest_route=%2Fwp%2Fv2%2Fcomments&post=82444"}],"version-history":[{"count":1,"href":"https:\/\/haberulus.net\/index.php?rest_route=\/wp\/v2\/posts\/82444\/revisions"}],"predecessor-version":[{"id":82446,"href":"https:\/\/haberulus.net\/index.php?rest_route=\/wp\/v2\/posts\/82444\/revisions\/82446"}],"wp:featuredmedia":[{"embeddable":true,"href":"https:\/\/haberulus.net\/index.php?rest_route=\/wp\/v2\/media\/82445"}],"wp:attachment":[{"href":"https:\/\/haberulus.net\/index.php?rest_route=%2Fwp%2Fv2%2Fmedia&parent=82444"}],"wp:term":[{"taxonomy":"category","embeddable":true,"href":"https:\/\/haberulus.net\/index.php?rest_route=%2Fwp%2Fv2%2Fcategories&post=82444"},{"taxonomy":"post_tag","embeddable":true,"href":"https:\/\/haberulus.net\/index.php?rest_route=%2Fwp%2Fv2%2Ftags&post=82444"}],"curies":[{"name":"wp","href":"https:\/\/api.w.org\/{rel}","templated":true}]}}