{"id":82555,"date":"2023-04-28T11:07:02","date_gmt":"2023-04-28T11:07:02","guid":{"rendered":"https:\/\/haberulus.net\/?p=82555"},"modified":"2023-04-28T11:07:02","modified_gmt":"2023-04-28T11:07:02","slug":"emek-ve-ozgurluk-ittifakindan-kilicdaroglu-karari","status":"publish","type":"post","link":"https:\/\/haberulus.net\/?p=82555","title":{"rendered":"Emek ve \u00d6zg\u00fcrl\u00fck \u0130ttifak\u0131\u2019ndan K\u0131l\u0131\u00e7daro\u011flu karar\u0131"},"content":{"rendered":"<p>14 May\u0131s\u2019a say\u0131l\u0131 g\u00fcnler kala cumhurba\u015fkanl\u0131\u011f\u0131 se\u00e7imleri i\u00e7in aday \u00e7\u0131karmayan Emek ve \u00d6zg\u00fcrl\u00fck \u0130ttifak\u0131\u2019ndan \u00f6nemli bir a\u00e7\u0131klama geldi.<\/p>\n<p><strong>Halklar\u0131n Demokratik Partsi (HDP),<\/strong> Ye\u015filler ve Sol Gelecek Partisi (Ye\u015fil Sol Parti), <strong>T\u00fcrkiye \u0130\u015f\u00e7i Partisi (T\u0130P),<\/strong> Emek Partisi (EMEP), <strong>Emek\u00e7i Hareket Partisi (EHP),<\/strong> Toplumsal \u00d6zg\u00fcrl\u00fck Partisi (T\u00d6P), ve <strong>Sosyalist Meclisler Federasyonu\u2019nun (SMF)<\/strong> yer ald\u0131\u011f\u0131 ittifak cumhurba\u015fkanl\u0131\u011f\u0131 se\u00e7iminde Millet \u0130ttifak\u0131 aday\u0131 Kemal K\u0131l\u0131\u00e7daro\u011flu\u2019nu destekleme karar\u0131 ald\u0131.<\/p>\n<p>\u201c<strong>Bu tarihi se\u00e7imde; T\u00fcrkiye halklar\u0131n\u0131 bir kez daha milletvekilli\u011fi se\u00e7imlerinde Emek ve \u00d6zg\u00fcrl\u00fck \u0130ttifak\u0131&#8217;na, cumhurba\u015fkanl\u0131\u011f\u0131 se\u00e7imlerinde Kemal K\u0131l\u0131\u00e7daro\u011flu&#8217;na oy vermeye \u00e7a\u011f\u0131r\u0131yoruz<\/strong>\u201d denilen a\u00e7\u0131klamada \u015fu ifadelere yer verildi:<\/p>\n<p><strong>\u201cT\u00dcRK\u0130YE TAR\u0130H\u0130N\u0130N EN \u00d6NEML\u0130 SE\u00c7\u0130M\u0130\u201d<\/strong><\/p>\n<p>T\u00fcrkiye; siyasi, toplumsal ve ekonomik krizlerin bir arada ya\u015fand\u0131\u011f\u0131 \u00e7oklu kriz \u015fartlar\u0131 alt\u0131nda tarihinin en \u00f6nemli se\u00e7imine do\u011fru ilerlemektedir. T\u00fcrkiye halklar\u0131 bu \u00e7oklu krizin zorluklar\u0131, siyasi bask\u0131lar ve her t\u00fcrl\u00fc e\u015fitsiz propaganda ko\u015fullar\u0131na ra\u011fmen gelece\u011fini kurtarma m\u00fccadelesini 14 May\u0131s sand\u0131klar\u0131nda bir kez daha ba\u015far\u0131ya ula\u015ft\u0131rmaya odaklanm\u0131\u015ft\u0131r. T\u00fcrkiye halklar\u0131n\u0131n ve ezilenlerinin gelene\u011fi bug\u00fcne kadar otoriter ve fa\u015fist anlay\u0131\u015flara kar\u015f\u0131 direni\u015fi ve zaferi \u00f6\u011fretmi\u015f ve \u00f6rg\u00fctlemi\u015ftir.<\/p>\n<p>Bilindi\u011fi \u00fczere T\u00fcrkiye halklar\u0131n\u0131n devrimci, demokrat ve ezilenleri olarak Emek ve Demokrasi \u0130ttifak\u0131 ad\u0131yla bir araya geldik. Cumhurba\u015fkanl\u0131\u011f\u0131 se\u00e7imlerinde aday \u00e7\u0131karmama, parlamento se\u00e7imlerine ise ittifak \u00e7at\u0131s\u0131 alt\u0131nda girme karar\u0131 ald\u0131k.<\/p>\n<p><strong>\u201cKILI\u00c7DARO\u011eLU\u2019NU DESTEKLEME KARARIMIZI KAMUOYUYLA PAYLA\u015eIYORUZ\u201d<\/strong><\/p>\n<p>T\u00fcrkiye siyasetinin bu k\u0131r\u0131lma a\u015famas\u0131nda, \u00fczerimize d\u00fc\u015fen tarihi g\u00f6revi hem gelene\u011fimize hem de gelecek ku\u015faklara borcumuz kapsam\u0131nda yerine getirme konusunda mutab\u0131k kald\u0131k. Bu kapsamda 14 May\u0131s 2023&#8217;te yap\u0131lacak olan cumhurba\u015fkanl\u0131\u011f\u0131 se\u00e7imlerinde Kemal K\u0131l\u0131\u00e7daro\u011flu&#8217;nu destekleme karar\u0131m\u0131z\u0131 t\u00fcm kamuoyu ile payla\u015f\u0131yoruz.<\/p>\n<p><strong>\u201cTEK YOL CUMHURBA\u015eKANLI\u011eINI KAZANMAK\u201d<\/strong><\/p>\n<p>Bilinmelidir ki T\u00fcrkiye siyasi tarihinin en \u00f6nemli se\u00e7iminde fa\u015fizme kar\u015f\u0131 zafer elde etmenin tek yolu cumhurba\u015fkanl\u0131\u011f\u0131 se\u00e7imini kazanmaktan ge\u00e7memektedir. Bilakis, fa\u015fizmi geriletmenin en \u00f6nemli mecralar\u0131ndan biri TBMM&#8217;de \u00e7o\u011funlu\u011fu sa\u011flayacak aritmeti\u011fi sa\u011flamakt\u0131r. Bu durumu sa\u011flamak i\u00e7in t\u00fcm T\u00fcrkiye halklar\u0131n\u0131, 14 May\u0131s 2023 Milletvekilli\u011fi Se\u00e7iminde Emek ve \u00d6zg\u00fcrl\u00fck \u0130ttifak\u0131&#8217;na oy vermeye \u00e7a\u011f\u0131r\u0131yoruz. T\u00fcm ezilenleri, yok say\u0131lanlar\u0131, hak gasp\u0131na u\u011frayanlar\u0131 ve s\u00f6m\u00fcr\u00fclenleri parlamentoda temsil etmenin tek yolu Emek ve \u00d6zg\u00fcrl\u00fck \u0130ttifak\u0131 \u00e7at\u0131s\u0131 alt\u0131nda toplanmak ve parlamentoda s\u00f6z, yetki, karar sahibi haline gelmektir.<\/p>\n<p><strong>\u201cKILI\u00c7DARO\u011eLU\u2019NA OY VERMEYE \u00c7A\u011eIRIYORUZ\u201d<\/strong><\/p>\n<p>Bu tarihi se\u00e7imde; T\u00fcrkiye halklar\u0131n\u0131 bir kez daha milletvekilli\u011fi se\u00e7imlerinde Emek ve \u00d6zg\u00fcrl\u00fck \u0130ttifak\u0131&#8217;na, cumhurba\u015fkanl\u0131\u011f\u0131 se\u00e7imlerinde Kemal K\u0131l\u0131\u00e7daro\u011flu&#8217;na oy vermeye \u00e7a\u011f\u0131r\u0131yoruz.<\/p>\n","protected":false},"excerpt":{"rendered":"<p>Cumhurba\u015fkanl\u0131\u011f\u0131 se\u00e7imlerinde aday \u00e7\u0131karmayan Emek ve \u00d6zg\u00fcrl\u00fck \u0130ttifak\u0131 Millet \u0130ttifak\u0131 aday\u0131 Kemal K\u0131l\u0131\u00e7daro\u011flu&#8217;nu destekleme karar\u0131 ald\u0131&#8230;<\/p>\n","protected":false},"author":1,"featured_media":82556,"comment_status":"closed","ping_status":"open","sticky":false,"template":"","format":"standard","meta":{"footnotes":""},"categories":[26],"tags":[580,1049,517,191,15],"class_list":["post-82555","post","type-post","status-publish","format-standard","has-post-thumbnail","hentry","category-gundem","tag-karar","tag-onemli","tag-partisi","tag-tarihi","tag-turkiye"],"_links":{"self":[{"href":"https:\/\/haberulus.net\/index.php?rest_route=\/wp\/v2\/posts\/82555","targetHints":{"allow":["GET"]}}],"collection":[{"href":"https:\/\/haberulus.net\/index.php?rest_route=\/wp\/v2\/posts"}],"about":[{"href":"https:\/\/haberulus.net\/index.php?rest_route=\/wp\/v2\/types\/post"}],"author":[{"embeddable":true,"href":"https:\/\/haberulus.net\/index.php?rest_route=\/wp\/v2\/users\/1"}],"replies":[{"embeddable":true,"href":"https:\/\/haberulus.net\/index.php?rest_route=%2Fwp%2Fv2%2Fcomments&post=82555"}],"version-history":[{"count":1,"href":"https:\/\/haberulus.net\/index.php?rest_route=\/wp\/v2\/posts\/82555\/revisions"}],"predecessor-version":[{"id":82557,"href":"https:\/\/haberulus.net\/index.php?rest_route=\/wp\/v2\/posts\/82555\/revisions\/82557"}],"wp:featuredmedia":[{"embeddable":true,"href":"https:\/\/haberulus.net\/index.php?rest_route=\/wp\/v2\/media\/82556"}],"wp:attachment":[{"href":"https:\/\/haberulus.net\/index.php?rest_route=%2Fwp%2Fv2%2Fmedia&parent=82555"}],"wp:term":[{"taxonomy":"category","embeddable":true,"href":"https:\/\/haberulus.net\/index.php?rest_route=%2Fwp%2Fv2%2Fcategories&post=82555"},{"taxonomy":"post_tag","embeddable":true,"href":"https:\/\/haberulus.net\/index.php?rest_route=%2Fwp%2Fv2%2Ftags&post=82555"}],"curies":[{"name":"wp","href":"https:\/\/api.w.org\/{rel}","templated":true}]}}