{"id":83058,"date":"2023-04-29T09:29:04","date_gmt":"2023-04-29T09:29:04","guid":{"rendered":"https:\/\/haberulus.net\/?p=83058"},"modified":"2023-04-29T09:29:04","modified_gmt":"2023-04-29T09:29:04","slug":"adnan-oktar-davasinda-9-supheli-tutuklandi","status":"publish","type":"post","link":"https:\/\/haberulus.net\/?p=83058","title":{"rendered":"Adnan Oktar davas\u0131nda 9 \u015f\u00fcpheli tutukland\u0131"},"content":{"rendered":"<p>\u0130stanbul Emniyet M\u00fcd\u00fcrl\u00fc\u011f\u00fc Mali Su\u00e7larla M\u00fccadele \u015eube M\u00fcd\u00fcrl\u00fc\u011f\u00fc ekipleri, \u0130stanbul Cumhuriyet Ba\u015fsavc\u0131l\u0131\u011f\u0131 Ter\u00f6r ve \u00d6rg\u00fctl\u00fc Su\u00e7lar Soru\u015fturma B\u00fcrosu koordinasyonunda, Adnan Oktar organize su\u00e7 \u00f6rg\u00fct\u00fcn\u00fcn g\u00fcncel yap\u0131lanmas\u0131 ve faaliyetlerinin de\u015fifre edilmesine y\u00f6nelik \u00e7al\u0131\u015fma kapsam\u0131nda yakalanan 10 zanl\u0131n\u0131n emniyetteki i\u015flemleri tamamland\u0131.<\/p>\n<p>G\u00f6zalt\u0131ndaki i\u015flemlerinin ard\u0131ndan \u00c7a\u011flayan\u2019daki \u0130stanbul Adliyesi\u2019ne sevk edilen 8\u2019i kad\u0131n 10 \u015f\u00fcpheli, savc\u0131l\u0131k sorgusunun ard\u0131ndan tutuklanmas\u0131 talebiyle n\u00f6bet\u00e7i hakimli\u011fe g\u00f6nderildi.<\/p>\n<p>N\u00f6bet\u00e7i hakimlik\u00e7e \u015f\u00fcphelilerden 9\u2019unun tutuklanmas\u0131na, bir zanl\u0131n\u0131n ise adli kontrol \u015fart\u0131yla serbest b\u0131rak\u0131lmas\u0131na karar verildi.<\/p>\n<p>S\u00f6z konusu soru\u015fturma kapsam\u0131nda tutuklananlar\u0131n say\u0131s\u0131 16\u2019ya y\u00fckseldi.<\/p>\n<p><strong>DAVANIN GE\u00c7M\u0130\u015e\u0130<\/strong><\/p>\n<p>Adnan Oktar su\u00e7 \u00f6rg\u00fct\u00fcn\u00fcn, lider ve y\u00f6netici grubunda yer alan \u015f\u00fcphelilerin tutukland\u0131\u011f\u0131 tarihten bug\u00fcne kadar g\u00fcncel bir yap\u0131lanma s\u00fcrecine girdi\u011fi ve cezaevinden al\u0131nan talimatlar\u0131n, \u00f6rg\u00fct\u00fcn avukat yap\u0131lanmas\u0131nda yer alan \u015f\u00fcpheliler taraf\u0131ndan d\u0131\u015far\u0131daki \u00fcyelere iletildi\u011fini tespit eden ekipler, \u00e7al\u0131\u015fma ba\u015flatm\u0131\u015ft\u0131.<\/p>\n<p>D\u0131\u015far\u0131daki \u00f6rg\u00fct \u00fcyelerinin lojistik, hukuk, finans ve dijital kanatlardan olu\u015fan bir g\u00f6rev da\u011f\u0131l\u0131m\u0131 \u00fczerinden faaliyet y\u00fcr\u00fctt\u00fc\u011f\u00fcn\u00fc belirleyen ekipler, dijital kanad\u0131n kontrol\u00fcndeki sahte sosyal medya hesaplar\u0131 \u00fczerinden sistematik olarak \u00f6rg\u00fctsel propaganda ve dezenformasyon i\u00e7erikli payla\u015f\u0131mlar yap\u0131ld\u0131\u011f\u0131 tespitine varm\u0131\u015ft\u0131.<\/p>\n<p>Adnan Oktar organize su\u00e7 \u00f6rg\u00fct\u00fc dava dosyas\u0131ndaki m\u00fc\u015ftekiler ile \u00f6rg\u00fctle m\u00fccadelede g\u00f6rev alan kamu g\u00f6revlilerini karalamaya y\u00f6nelik s\u00f6ylemlerde bulunan \u015f\u00fcphelilerin \u201cKahramanmara\u015f merkezli depremlerin s\u00f6zde mehdi \u00f6rg\u00fct eleba\u015f\u0131 Adnan Oktar\u2019a y\u00f6nelik operasyonlar sebebiyle ya\u015fand\u0131\u011f\u0131na\u201d ili\u015fkin dini duygular\u0131n manip\u00fclasyonuna dayal\u0131 ifadeler kulland\u0131\u011f\u0131 belirlendi.<\/p>\n<p>Yap\u0131lan tespitlerin ard\u0131ndan harekete ge\u00e7en ekipler, \u0130stanbul, \u0130zmir ve Samsun\u2019da d\u00fczenledikleri operasyonlarda 17 \u015f\u00fcpheliyi yakalam\u0131\u015ft\u0131.<\/p>\n<p>Mali Su\u00e7larla M\u00fccadele \u015eube M\u00fcd\u00fcrl\u00fc\u011f\u00fcndeki i\u015flemlerinin tamamlanmas\u0131n\u0131n ard\u0131ndan 27 Nisan Per\u015fembe g\u00fcn\u00fc adliyeye sevk edilen 7 kad\u0131n \u015f\u00fcpheli tutuklanm\u0131\u015ft\u0131. (AA)<\/p>\n","protected":false},"excerpt":{"rendered":"<p>Adnan Oktar organize su\u00e7 \u00f6rg\u00fct\u00fcne y\u00f6nelik operasyonda g\u00f6zalt\u0131na al\u0131nan 10 \u015f\u00fcpheliden 9&#8217;u tutukland\u0131.<\/p>\n","protected":false},"author":1,"featured_media":83059,"comment_status":"closed","ping_status":"open","sticky":false,"template":"","format":"standard","meta":{"footnotes":""},"categories":[26],"tags":[88,718,486],"class_list":["post-83058","post","type-post","status-publish","format-standard","has-post-thumbnail","hentry","category-gundem","tag-orgut","tag-suc","tag-supheli"],"_links":{"self":[{"href":"https:\/\/haberulus.net\/index.php?rest_route=\/wp\/v2\/posts\/83058","targetHints":{"allow":["GET"]}}],"collection":[{"href":"https:\/\/haberulus.net\/index.php?rest_route=\/wp\/v2\/posts"}],"about":[{"href":"https:\/\/haberulus.net\/index.php?rest_route=\/wp\/v2\/types\/post"}],"author":[{"embeddable":true,"href":"https:\/\/haberulus.net\/index.php?rest_route=\/wp\/v2\/users\/1"}],"replies":[{"embeddable":true,"href":"https:\/\/haberulus.net\/index.php?rest_route=%2Fwp%2Fv2%2Fcomments&post=83058"}],"version-history":[{"count":1,"href":"https:\/\/haberulus.net\/index.php?rest_route=\/wp\/v2\/posts\/83058\/revisions"}],"predecessor-version":[{"id":83060,"href":"https:\/\/haberulus.net\/index.php?rest_route=\/wp\/v2\/posts\/83058\/revisions\/83060"}],"wp:featuredmedia":[{"embeddable":true,"href":"https:\/\/haberulus.net\/index.php?rest_route=\/wp\/v2\/media\/83059"}],"wp:attachment":[{"href":"https:\/\/haberulus.net\/index.php?rest_route=%2Fwp%2Fv2%2Fmedia&parent=83058"}],"wp:term":[{"taxonomy":"category","embeddable":true,"href":"https:\/\/haberulus.net\/index.php?rest_route=%2Fwp%2Fv2%2Fcategories&post=83058"},{"taxonomy":"post_tag","embeddable":true,"href":"https:\/\/haberulus.net\/index.php?rest_route=%2Fwp%2Fv2%2Ftags&post=83058"}],"curies":[{"name":"wp","href":"https:\/\/api.w.org\/{rel}","templated":true}]}}